{"id":22894,"date":"2023-09-28T11:44:05","date_gmt":"2023-09-28T09:44:05","guid":{"rendered":"https:\/\/www.outside-thebox.ch\/?p=22894"},"modified":"2024-01-12T11:32:52","modified_gmt":"2024-01-12T10:32:52","slug":"le-theoreme-de-marguerite","status":"publish","type":"post","link":"https:\/\/www.outside-thebox.ch\/de\/le-theoreme-de-marguerite\/","title":{"rendered":"Le Th\u00e9or\u00e8me de Marguerite"},"content":{"rendered":"<p>[et_pb_section fb_built=&#8220;1&#8243; _builder_version=&#8220;4.16&#8243; global_colors_info=&#8220;{}&#8220;][et_pb_row module_id=&#8220;FILMS_CUSTOM_TITLE&#8220; _builder_version=&#8220;4.16&#8243; custom_padding=&#8220;||23px|||&#8220; global_colors_info=&#8220;{}&#8220;][et_pb_column type=&#8220;4_4&#8243; _builder_version=&#8220;4.16&#8243; global_colors_info=&#8220;{}&#8220;][et_pb_text _builder_version=&#8220;4.20.4&#8243; header_2_font=&#8220;|800||on|||||&#8220; header_2_font_size=&#8220;30px&#8220; custom_padding=&#8220;||24px|||&#8220; global_colors_info=&#8220;{}&#8220;]<\/p>\n<h2>Le Th\u00e9or\u00e8me de Marguerite, <span>ein Film von Anna Novion<\/span><\/h2>\n<p>[\/et_pb_text][\/et_pb_column][\/et_pb_row][\/et_pb_section][et_pb_section fb_built=&#8220;1&#8243; module_class=&#8220;FILMS_AV_LAYOUT0&#8243; _builder_version=&#8220;4.16&#8243; custom_padding=&#8220;2px||0px|||&#8220; global_colors_info=&#8220;{}&#8220;][et_pb_row module_class=&#8220;FILMS_AV_LAYOUT0&#8243; _builder_version=&#8220;4.16&#8243; custom_margin=&#8220;-82px|auto||auto||&#8220; custom_padding=&#8220;||3px|||&#8220; global_colors_info=&#8220;{}&#8220;][et_pb_column type=&#8220;4_4&#8243; _builder_version=&#8220;4.16&#8243; global_colors_info=&#8220;{}&#8220;][et_pb_video_slider show_image_overlay=&#8220;on&#8220; show_thumbnails=&#8220;off&#8220; play_icon_color=&#8220;#ffffff&#8220; use_icon_font_size=&#8220;on&#8220; module_class=&#8220;custom-slider&#8220; _builder_version=&#8220;4.20.4&#8243; transform_translate=&#8220;1px|4px&#8220; custom_padding=&#8220;50px|||||&#8220; global_colors_info=&#8220;{}&#8220;][et_pb_video_slider_item src=&#8220;https:\/\/youtu.be\/mFK9S6g7OfU?si=-SUGZqxx6Hk3Mwat&#8220; image_src=&#8220;https:\/\/www.outside-thebox.ch\/v2\/wp-content\/uploads\/2023\/09\/front_page.jpg&#8220; _builder_version=&#8220;4.20.4&#8243; _module_preset=&#8220;default&#8220; global_colors_info=&#8220;{}&#8220; show_image_overlay=&#8220;on&#8220;][\/et_pb_video_slider_item][\/et_pb_video_slider][\/et_pb_column][\/et_pb_row][\/et_pb_section][et_pb_section fb_built=&#8220;1&#8243; module_class=&#8220;FILMS_AV_LAYOUT1&#8243; _builder_version=&#8220;4.16&#8243; custom_padding=&#8220;4px|||||&#8220; global_colors_info=&#8220;{}&#8220;][et_pb_row column_structure=&#8220;1_3,2_3&#8243; _builder_version=&#8220;4.16&#8243; custom_padding=&#8220;||0px|||&#8220; global_colors_info=&#8220;{}&#8220;][et_pb_column type=&#8220;1_3&#8243; _builder_version=&#8220;4.16&#8243; global_colors_info=&#8220;{}&#8220;][et_pb_image src=&#8220;https:\/\/www.outside-thebox.ch\/v2\/wp-content\/uploads\/2023\/09\/Theoreme-Marguerite_B1_OTB_web_light-scaled.jpg&#8220; title_text=&#8220;Theoreme Marguerite_B1_OTB_web_light&#8220; admin_label=&#8220;Image&#8220; _builder_version=&#8220;4.20.4&#8243; transform_scale_tablet=&#8220;&#8220; transform_scale_phone=&#8220;&#8220; transform_scale_last_edited=&#8220;on|tablet&#8220; transform_translate_tablet=&#8220;&#8220; transform_translate_phone=&#8220;&#8220; transform_translate_last_edited=&#8220;on|tablet&#8220; transform_rotate_tablet=&#8220;&#8220; transform_rotate_phone=&#8220;&#8220; transform_rotate_last_edited=&#8220;on|tablet&#8220; transform_skew_tablet=&#8220;&#8220; transform_skew_phone=&#8220;&#8220; transform_skew_last_edited=&#8220;on|tablet&#8220; transform_origin_tablet=&#8220;&#8220; transform_origin_phone=&#8220;&#8220; transform_origin_last_edited=&#8220;on|tablet&#8220; transform_styles_last_edited=&#8220;on|tablet&#8220; vertical_offset=&#8220;0px&#8220; horizontal_offset=&#8220;0px&#8220; position_origin_a_tablet=&#8220;&#8220; position_origin_a_phone=&#8220;&#8220; position_origin_a_last_edited=&#8220;on|phone&#8220; position_origin_f_tablet=&#8220;&#8220; position_origin_f_phone=&#8220;&#8220; position_origin_f_last_edited=&#8220;on|phone&#8220; position_origin_r_tablet=&#8220;&#8220; position_origin_r_phone=&#8220;&#8220; position_origin_r_last_edited=&#8220;on|phone&#8220; width=&#8220;100%&#8220; width_tablet=&#8220;35vw&#8220; width_phone=&#8220;80vw&#8220; width_last_edited=&#8220;on|phone&#8220; custom_margin=&#8220;|-2px||||&#8220; custom_margin_tablet=&#8220;|||0px|false|false&#8220; custom_margin_phone=&#8220;&#8220; custom_margin_last_edited=&#8220;on|phone&#8220; custom_padding=&#8220;|0px|||false|false&#8220; custom_padding_tablet=&#8220;|0px|||false|false&#8220; custom_padding_phone=&#8220;&#8220; custom_padding_last_edited=&#8220;on|desktop&#8220; animation_style=&#8220;fade&#8220; transform_styles_tablet=&#8220;&#8220; transform_styles_phone=&#8220;&#8220; positioning_tablet=&#8220;relative&#8220; positioning_phone=&#8220;&#8220; positioning_last_edited=&#8220;on|tablet&#8220; module_alignment_tablet=&#8220;&#8220; module_alignment_phone=&#8220;left&#8220; module_alignment_last_edited=&#8220;on|tablet&#8220; global_colors_info=&#8220;{}&#8220;][\/et_pb_image][\/et_pb_column][et_pb_column type=&#8220;2_3&#8243; _builder_version=&#8220;4.16&#8243; global_colors_info=&#8220;{}&#8220;][et_pb_text _builder_version=&#8220;4.20.4&#8243; header_font=&#8220;|800||on|||||&#8220; width=&#8220;114.7%&#8220; width_tablet=&#8220;&#8220; width_phone=&#8220;&#8220; width_last_edited=&#8220;on|phone&#8220; custom_margin=&#8220;|||-3vw|false|false&#8220; custom_margin_tablet=&#8220;|||0vw|false|false&#8220; custom_margin_phone=&#8220;|||0vw|false|false&#8220; custom_margin_last_edited=&#8220;on|tablet&#8220; custom_padding=&#8220;|10px|17px||false|false&#8220; global_colors_info=&#8220;{}&#8220;]<\/p>\n<h1>AB 14. DEZEMBER IM KINO !<\/h1>\n<p>[\/et_pb_text][et_pb_text _builder_version=&#8220;4.20.4&#8243; width=&#8220;114.7%&#8220; width_tablet=&#8220;&#8220; width_phone=&#8220;&#8220; width_last_edited=&#8220;on|phone&#8220; custom_margin=&#8220;-49px|0px|-61px|-3vw|false|false&#8220; custom_margin_tablet=&#8220;|||0vw|false|false&#8220; custom_margin_phone=&#8220;|||0vw|false|false&#8220; custom_margin_last_edited=&#8220;on|tablet&#8220; custom_padding=&#8220;9px|0px|0px||false|false&#8220; global_colors_info=&#8220;{}&#8220;]<\/p>\n<p style=\"text-align: justify;\">2023<br \/>Schweiz, Frankreich<br \/>112 Minuten<br \/>OV Franz\u00f6sisch \u2013 Untertiteln Deustch<\/p>\n<p style=\"text-align: justify;\">\n<section class=\"intro\">\n<div class=\"container-outer\">\n<div class=\"container-fluid\">\n<div class=\"row\">\n<div class=\" col-xl-5\">\n<div class=\"col-sm-8 col-md-7 col-lg-6 col-lg-offset-1\">\n<div class=\"film-content\">\n<div id=\"tab-fr\" class=\"tab-content current\">\n<section class=\"intro\">\n<div class=\"container-outer\">\n<div class=\"container-fluid\">\n<div class=\"row\">\n<div class=\" col-xl-5\">\n<div class=\"\">\n<p class=\"p1\">Die brillante Mathematikstudentin Marguerite steht kurz vor ihrer Dissertation. In der von M\u00e4nnern dominierten akademischen Welt zeichnet sich eine steile Karriere ab. Doch am Tag der Pr\u00e4sentation ihrer Doktorarbeit ersch\u00fcttert ein Fehler alle ihre bisherigen Gewissheiten. Marguerite beschliesst, alles hinter sich zu lassen und neu anzufangen.<\/p>\n<\/div>\n<\/div>\n<\/div>\n<\/div>\n<\/div>\n<\/section>\n<section>\n<div class=\"container-outer\">\n<div class=\"container-fluid\">\n<div class=\"row\">\n<div class=\"col-xl-5 offset-xl-5\">\u00a0<\/div>\n<\/div>\n<\/div>\n<\/div>\n<\/section>\n<\/div>\n<\/div>\n<\/div>\n<div class=\"col-sm-4 col-md-4 col-md-offset-1 col-lg-3 col-lg-offset-1\">\n<div class=\"film-sidebar\">\n<div class=\"film-poster\">\u00a0<\/div>\n<\/div>\n<\/div>\n<\/div>\n<\/div>\n<\/div>\n<\/div>\n<\/section>\n<section>\n<div class=\"container-outer\">\n<div class=\"container-fluid\">\n<div class=\"row\">\n<div class=\"col-xl-5 offset-xl-5\">\u00a0<\/div>\n<\/div>\n<\/div>\n<\/div>\n<\/section>\n<p>[\/et_pb_text][\/et_pb_column][\/et_pb_row][\/et_pb_section][et_pb_section fb_built=&#8220;1&#8243; module_class=&#8220;FILMS_AV_LAYOUT2&#8243; _builder_version=&#8220;4.16&#8243; background_color=&#8220;rgba(90,182,221,0.28)&#8220; min_height=&#8220;226.8px&#8220; custom_margin=&#8220;50px||||false|false&#8220; custom_padding=&#8220;0px|||||&#8220; global_colors_info=&#8220;{}&#8220;][et_pb_row column_structure=&#8220;1_2,1_2&#8243; _builder_version=&#8220;4.17.6&#8243; min_height=&#8220;159px&#8220; custom_margin=&#8220;|auto|-6px|auto||&#8220; custom_padding=&#8220;||2px|||&#8220; animation_style=&#8220;fade&#8220; global_colors_info=&#8220;{}&#8220;][et_pb_column type=&#8220;1_2&#8243; _builder_version=&#8220;4.16&#8243; global_colors_info=&#8220;{}&#8220;][et_pb_text disabled_on=&#8220;off|off|off&#8220; _builder_version=&#8220;4.20.4&#8243; text_text_color=&#8220;#000000&#8243; header_font=&#8220;|800||on|||||&#8220; header_2_font=&#8220;|800||on|||||&#8220; header_3_font_size=&#8220;23px&#8220; custom_margin=&#8220;||21px|||&#8220; custom_padding=&#8220;1px|||||&#8220; global_colors_info=&#8220;{}&#8220;]<\/p>\n<h1 class=\"p1\">VORPREMIEREN<\/h1>\n<p>&nbsp;<\/p>\n<ul>\n<li><a href=\"https:\/\/ticket-cloud.ch\/Arthouse\/Show\/1515038\" target=\"_blank\" rel=\"noopener\"><strong>Z\u00fcrich, Le Paris\u00a0<\/strong>&#8211; Mittwoch 13. Dezember, 12h15<\/a><\/li>\n<li><a href=\"https:\/\/www.cineman.ch\/ticketshop\/sitzplatz\/?theatreId=335&amp;movieId=40744&amp;screenId=421&amp;showtime=2023-12-13%2020:00:00\" target=\"_blank\" rel=\"noopener\"><strong>Z\u00fcrich, Kino Uto <\/strong>&#8211; Mittwoch 13. Dezember, 20h00<\/a><\/li>\n<li><a href=\"https:\/\/ticket-cloud.ch\/Cinevital@fr\/Show\/1373320?BackLink=https%3A%2F%2Fwww.cinevital.ch%2Ffr%2Fbiel%2Ffilm%2F157917.html\" target=\"_blank\" rel=\"noopener\"><strong>Biel, Rex\u00a0<\/strong>&#8211; Donnerstag, 14. Dezember, 18h00<\/a><\/li>\n<li><a href=\"https:\/\/www.cineman.ch\/ticketshop\/sitzplatz\/?theatreId=45&amp;movieId=40744&amp;screenId=54&amp;showtime=2023-12-14%2020:00:00\" target=\"_blank\" rel=\"noopener\"><strong>Bern, Camera <\/strong>&#8211; Donnerstag, 14. Dezember, 20h00<\/a><\/li>\n<\/ul>\n<p>[\/et_pb_text][et_pb_text disabled_on=&#8220;off|off|off&#8220; _builder_version=&#8220;4.20.4&#8243; header_font=&#8220;|800||on|||||&#8220; header_2_font=&#8220;|800||on|||||&#8220; header_3_font_size=&#8220;23px&#8220; custom_margin=&#8220;||21px|||&#8220; custom_padding=&#8220;1px|||||&#8220; global_colors_info=&#8220;{}&#8220;]<\/p>\n<h1 class=\"p1\">\u00a0<\/h1>\n<p>&nbsp;<\/p>\n<p>[\/et_pb_text][\/et_pb_column][et_pb_column type=&#8220;1_2&#8243; _builder_version=&#8220;4.16&#8243; global_colors_info=&#8220;{}&#8220;][et_pb_text disabled_on=&#8220;off|off|off&#8220; _builder_version=&#8220;4.20.4&#8243; header_font=&#8220;|800||on|||||&#8220; header_2_font=&#8220;|800||on|||||&#8220; header_3_font_size=&#8220;23px&#8220; custom_margin=&#8220;||21px|||&#8220; custom_padding=&#8220;1px|||||&#8220; global_colors_info=&#8220;{}&#8220;]<\/p>\n<h1 class=\"p1\">PREIS &amp; Festivals<\/h1>\n<p>&nbsp;<\/p>\n<ul>\n<li><b>Festival du Film Fran\u00e7ais d&#8217;Helv\u00e9tie de Bienne<\/b><\/li>\n<li><b>Festival du Film Francophone d&#8217;Angoul\u00eame<\/b><\/li>\n<li><b>Festival International du film de Cannes<\/b><\/li>\n<\/ul>\n<p>[\/et_pb_text][\/et_pb_column][\/et_pb_row][\/et_pb_section][et_pb_section fb_built=&#8220;1&#8243; module_class=&#8220;FILMS_AV_LAYOUT3&#8243; _builder_version=&#8220;4.16&#8243; custom_margin=&#8220;-17px|||||&#8220; global_colors_info=&#8220;{}&#8220;][et_pb_row column_structure=&#8220;1_2,1_2&#8243; _builder_version=&#8220;4.16&#8243; min_height=&#8220;734.9px&#8220; global_colors_info=&#8220;{}&#8220;][et_pb_column type=&#8220;1_2&#8243; _builder_version=&#8220;4.16&#8243; global_colors_info=&#8220;{}&#8220;][et_pb_image src=&#8220;https:\/\/www.outside-thebox.ch\/v2\/wp-content\/uploads\/2023\/09\/marguerite1.jpg&#8220; title_text=&#8220;marguerite1&#8243; show_in_lightbox=&#8220;on&#8220; _builder_version=&#8220;4.20.4&#8243; _dynamic_attributes=&#8220;url&#8220; global_colors_info=&#8220;{}&#8220;][\/et_pb_image][et_pb_image src=&#8220;https:\/\/www.outside-thebox.ch\/v2\/wp-content\/uploads\/2023\/09\/marguerite3.jpg&#8220; title_text=&#8220;marguerite3&#8243; show_in_lightbox=&#8220;on&#8220; _builder_version=&#8220;4.20.4&#8243; _dynamic_attributes=&#8220;url&#8220; global_colors_info=&#8220;{}&#8220;][\/et_pb_image][\/et_pb_column][et_pb_column type=&#8220;1_2&#8243; _builder_version=&#8220;4.16&#8243; _module_preset=&#8220;default&#8220; global_colors_info=&#8220;{}&#8220;][et_pb_image src=&#8220;https:\/\/www.outside-thebox.ch\/v2\/wp-content\/uploads\/2023\/09\/marguerite4.jpg&#8220; title_text=&#8220;marguerite4&#8243; show_in_lightbox=&#8220;on&#8220; _builder_version=&#8220;4.20.4&#8243; _dynamic_attributes=&#8220;url&#8220; global_colors_info=&#8220;{}&#8220;][\/et_pb_image][et_pb_image src=&#8220;https:\/\/www.outside-thebox.ch\/v2\/wp-content\/uploads\/2023\/09\/marguerite2.jpg&#8220; title_text=&#8220;marguerite2&#8243; show_in_lightbox=&#8220;on&#8220; _builder_version=&#8220;4.20.4&#8243; _dynamic_attributes=&#8220;url&#8220; global_colors_info=&#8220;{}&#8220;][\/et_pb_image][\/et_pb_column][\/et_pb_row][\/et_pb_section][et_pb_section fb_built=&#8220;1&#8243; module_class=&#8220;FILMS_AV_LAYOUT4&#8243; _builder_version=&#8220;4.16&#8243; custom_padding=&#8220;0px||3px|||&#8220; global_colors_info=&#8220;{}&#8220;][et_pb_row column_structure=&#8220;1_3,1_3,1_3&#8243; _builder_version=&#8220;4.16&#8243; custom_padding=&#8220;7px|||||&#8220; global_colors_info=&#8220;{}&#8220;][et_pb_column type=&#8220;1_3&#8243; _builder_version=&#8220;4.16&#8243; global_colors_info=&#8220;{}&#8220;][et_pb_text admin_label=&#8220;Texte&#8220; _builder_version=&#8220;4.16&#8243; header_font=&#8220;|800||on|||||&#8220; header_2_font=&#8220;|800||on|||||&#8220; global_colors_info=&#8220;{}&#8220;]<\/p>\n<h1>CAST &amp; CREW<\/h1>\n<p>[\/et_pb_text][et_pb_text _builder_version=&#8220;4.20.4&#8243; min_height=&#8220;184px&#8220; global_colors_info=&#8220;{}&#8220;]<\/p>\n<div id=\"postexcerpt\" class=\"postbox first-visible\">\n<div class=\"inside\">\n<div class=\"page\" title=\"Page 18\">\n<div class=\"section\">\n<div class=\"layoutArea\">\n<div class=\"column\">\n<p><b>Regie<br \/><\/b>Anna Novion<\/p>\n<p><b style=\"font-size: 15px;\">Drehbuch<br \/><\/b><b><\/b>Anna Novion, Mathieu Robin, Marie-st\u00e9phane imbert, Ang\u00e8s Feuvre<\/p>\n<p><b style=\"font-size: 15px;\"><b>Kamera<\/b><br \/><\/b><b style=\"font-size: 15px;\"><\/b><span style=\"font-size: 15px;\">Jacques Girault<br \/><\/span><b style=\"font-size: 15px;\"><br \/><\/b><b style=\"font-size: 15px;\">Montage<br \/><\/b>Anne Suriau<\/p>\n<p><span style=\"font-size: 15px;\"><b>Musik<br \/><\/b>Pascal Bideau<\/span><\/p>\n<p><b style=\"font-size: 15px;\">Mit<br \/><\/b><span style=\"font-size: 15px;\">Ella Rumpf<br \/>Jean-Pierre Darroussin<br \/>Julien Frison<br \/>Sonia Bonny<br \/>Clotilde Courau<\/span><\/p>\n<p>&nbsp;<\/p>\n<\/div>\n<\/div>\n<\/div>\n<\/div>\n<\/div>\n<\/div>\n<p>[\/et_pb_text][\/et_pb_column][et_pb_column type=&#8220;1_3&#8243; _builder_version=&#8220;4.16&#8243; _module_preset=&#8220;default&#8220; global_colors_info=&#8220;{}&#8220;][et_pb_text disabled_on=&#8220;off|off|off&#8220; _builder_version=&#8220;4.20.4&#8243; header_font=&#8220;|800||on|||||&#8220; header_2_font=&#8220;|800||on|||||&#8220; custom_padding=&#8220;0px|||||&#8220; global_colors_info=&#8220;{}&#8220;]<\/p>\n<h1><span style=\"color: #ffffff;\">CasT &amp; CREW<\/span><\/h1>\n<p>[\/et_pb_text][et_pb_text _builder_version=&#8220;4.20.4&#8243; min_height=&#8220;307.8px&#8220; global_colors_info=&#8220;{}&#8220;]<\/p>\n<div id=\"postexcerpt\" class=\"postbox first-visible\">\n<div class=\"inside\">\n<div class=\"page\" title=\"Page 18\">\n<div class=\"section\">\n<div class=\"layoutArea\">\n<div class=\"column\">\n<p><b style=\"font-size: 15px;\"><span style=\"font-size: 15px;\"><strong><b>Produziert von<br \/><\/b><\/strong><\/span><\/b>Milena Poylo, Gilles Sacuto, Aline Schmid, Adrien Blaser<\/p>\n<p><b style=\"font-size: 15px;\">Produktion<br \/><\/b><b><\/b><span style=\"font-size: 15px;\">TS Productions, Beauvoir Films, France 2 Cin\u00e9ma, RTS Radio T\u00e9l\u00e9vision Suisse<\/span><span style=\"font-size: 15px;\"><strong><\/strong><\/span><\/p>\n<p><span style=\"font-size: 15px;\"><strong>Vertrieb Schweiz<\/strong><br \/>Outside The Box<\/span><br \/><b><\/b><\/p>\n<\/div>\n<\/div>\n<\/div>\n<\/div>\n<p>&nbsp;<\/p>\n<\/div>\n<\/div>\n<p>[\/et_pb_text][\/et_pb_column][et_pb_column type=&#8220;1_3&#8243; _builder_version=&#8220;4.16&#8243; global_colors_info=&#8220;{}&#8220;][et_pb_text disabled_on=&#8220;off|off|off&#8220; _builder_version=&#8220;4.17.6&#8243; header_font=&#8220;|800||on|||||&#8220; header_2_font=&#8220;|800||on|||||&#8220; global_colors_info=&#8220;{}&#8220;]<\/p>\n<h1>DOWNLOADS<\/h1>\n<p>[\/et_pb_text][et_pb_text disabled_on=&#8220;off|off|off&#8220; _builder_version=&#8220;4.20.4&#8243; global_colors_info=&#8220;{}&#8220;]<\/p>\n<p><b>Laden Sie hier den Filmmaterial herunter:<\/b><\/p>\n<p><span style=\"text-decoration: underline; color: #000000;\"><a style=\"text-decoration: underline; color: #000000;\" href=\"https:\/\/player.vimeo.com\/progressive_redirect\/download\/869537965\/rendition\/1080p\/le_th%C3%A9or%C3%A8me_de_marguerite_-_trailer%20%281080p%29.mp4?loc=external&amp;signature=95bab120e44f8f95d2d1664bbf666256955559574b7197de6433bd5d93c8cee4\" target=\"_blank\" rel=\"noopener\">Trailer<\/a><\/span><br \/><a title=\"trailer DCP\" href=\"https:\/\/we.tl\/t-hAbLV276lp\" target=\"_blank\" rel=\"noopener\"><span style=\"color: #000000;\"><span style=\"text-decoration: underline;\">Trailer DCP<\/span>\u00a0<\/span><\/a><br \/><span style=\"text-decoration: underline; color: #000000;\"><a style=\"text-decoration: underline; color: #000000;\" href=\"https:\/\/www.outside-thebox.ch\/v2\/wp-content\/uploads\/2023\/09\/Theoreme-Marguerite_B1_OTB_web_light-scaled.jpg\" target=\"_blank\" rel=\"noopener\">Affiche<\/a><\/span><br \/><span style=\"text-decoration: underline;\"><a href=\"https:\/\/www.outside-thebox.ch\/v2\/wp-content\/uploads\/2023\/11\/FLYER-MARGUERITE_DE_web.pdf\" target=\"_blank\" rel=\"noopener\"><span style=\"color: #000000; text-decoration: underline;\">Flyer<\/span><\/a><\/span><br \/><span style=\"text-decoration: underline; color: #000000;\"><a style=\"color: #000000; text-decoration: underline;\" href=\"https:\/\/we.tl\/t-GVnTWqHixs\" target=\"_blank\" rel=\"noopener\">Photos <\/a><\/span><br \/><span style=\"color: #000000;\"><a style=\"text-decoration: underline; color: #000000;\" href=\"https:\/\/www.outside-thebox.ch\/v2\/wp-content\/uploads\/2023\/10\/MARGUERITES-THEOREM_presskit_ENG.pdf\" target=\"_blank\" rel=\"noopener\">Pressedossier<\/a><br \/><span style=\"text-decoration: underline;\"><a href=\"https:\/\/we.tl\/t-RkXD9S1FgH\" target=\"_blank\" rel=\"noopener\">Social Media<\/a><\/span><\/span><\/p>\n<p>[\/et_pb_text][\/et_pb_column][\/et_pb_row][\/et_pb_section][et_pb_section fb_built=&#8220;1&#8243; _builder_version=&#8220;4.20.4&#8243; _module_preset=&#8220;default&#8220; global_colors_info=&#8220;{}&#8220;][et_pb_row _builder_version=&#8220;4.20.4&#8243; _module_preset=&#8220;default&#8220; global_colors_info=&#8220;{}&#8220;][et_pb_column type=&#8220;4_4&#8243; _builder_version=&#8220;4.20.4&#8243; _module_preset=&#8220;default&#8220; global_colors_info=&#8220;{}&#8220;][\/et_pb_column][\/et_pb_row][\/et_pb_section]<\/p>\n","protected":false},"excerpt":{"rendered":"<p>AB 14. DEZEMBER\u00a0 IM KINO ! <\/p>\n<p>Die brillante Mathematikstudentin Marguerite steht kurz vor ihrer Dissertation. In der von M\u00e4nnern dominierten akademischen Welt zeichnet sich eine steile Karriere ab. Doch am Tag der Pr\u00e4sentation ihrer Doktorarbeit ersch\u00fcttert ein Fehler alle ihre bisherigen Gewissheiten. Marguerite beschliesst, alles hinter sich zu lassen und neu anzufangen.<\/p>\n","protected":false},"author":8,"featured_media":22938,"comment_status":"open","ping_status":"open","sticky":false,"template":"","format":"standard","meta":{"_et_pb_use_builder":"on","_et_pb_old_content":"<p>[et_pb_section fb_built=\"1\" _builder_version=\"4.16\" global_colors_info=\"{}\"][et_pb_row module_id=\"FILMS_CUSTOM_TITLE\" _builder_version=\"4.16\" custom_padding=\"||23px|||\" global_colors_info=\"{}\"][et_pb_column type=\"4_4\" _builder_version=\"4.16\" global_colors_info=\"{}\"][et_pb_text _builder_version=\"4.20.4\" header_2_font=\"|800||on|||||\" header_2_font_size=\"30px\" custom_padding=\"||24px|||\" global_colors_info=\"{}\"]<\/p><h2>Rivi\u00e8re, un film de Hugues Hariche<\/h2><p>[\/et_pb_text][\/et_pb_column][\/et_pb_row][\/et_pb_section][et_pb_section fb_built=\"1\" module_class=\"FILMS_AV_LAYOUT0\" _builder_version=\"4.16\" custom_padding=\"2px||0px|||\" global_colors_info=\"{}\"][et_pb_row module_class=\"FILMS_AV_LAYOUT0\" _builder_version=\"4.16\" custom_margin=\"-82px|auto||auto||\" custom_padding=\"||3px|||\" global_colors_info=\"{}\"][et_pb_column type=\"4_4\" _builder_version=\"4.16\" global_colors_info=\"{}\"][et_pb_video_slider show_image_overlay=\"on\" show_thumbnails=\"off\" play_icon_color=\"#ffffff\" use_icon_font_size=\"on\" module_class=\"custom-slider\" _builder_version=\"4.20.4\" transform_translate=\"1px|4px\" custom_padding=\"50px|||||\" hover_enabled=\"0\" global_colors_info=\"{}\" sticky_enabled=\"0\"][et_pb_video_slider_item src=\"https:\/\/vimeo.com\/848637272\" _builder_version=\"4.20.4\" _module_preset=\"default\" show_image_overlay=\"on\" title_text=\"04_RIVIERE\" image_src=\"https:\/\/www.outside-thebox.ch\/v2\/wp-content\/uploads\/2023\/07\/04_RIVIERE.jpg\" hover_enabled=\"0\" sticky_enabled=\"0\"][\/et_pb_video_slider_item][\/et_pb_video_slider][\/et_pb_column][\/et_pb_row][\/et_pb_section][et_pb_section fb_built=\"1\" module_class=\"FILMS_AV_LAYOUT1\" _builder_version=\"4.16\" custom_padding=\"4px|||||\" global_colors_info=\"{}\"][et_pb_row column_structure=\"1_3,2_3\" _builder_version=\"4.16\" custom_padding=\"||0px|||\" global_colors_info=\"{}\"][et_pb_column type=\"1_3\" _builder_version=\"4.16\" global_colors_info=\"{}\"][et_pb_image src=\"https:\/\/www.outside-thebox.ch\/v2\/wp-content\/uploads\/2023\/07\/B1_RIVIERE_web_light-scaled.jpg\" title_text=\"B1_RIVIERE_web_light\" admin_label=\"Image\" _builder_version=\"4.20.4\" transform_scale_tablet=\"\" transform_scale_phone=\"\" transform_scale_last_edited=\"on|tablet\" transform_translate_tablet=\"\" transform_translate_phone=\"\" transform_translate_last_edited=\"on|tablet\" transform_rotate_tablet=\"\" transform_rotate_phone=\"\" transform_rotate_last_edited=\"on|tablet\" transform_skew_tablet=\"\" transform_skew_phone=\"\" transform_skew_last_edited=\"on|tablet\" transform_origin_tablet=\"\" transform_origin_phone=\"\" transform_origin_last_edited=\"on|tablet\" transform_styles_last_edited=\"on|tablet\" vertical_offset=\"0px\" horizontal_offset=\"0px\" position_origin_a_tablet=\"\" position_origin_a_phone=\"\" position_origin_a_last_edited=\"on|phone\" position_origin_f_tablet=\"\" position_origin_f_phone=\"\" position_origin_f_last_edited=\"on|phone\" position_origin_r_tablet=\"\" position_origin_r_phone=\"\" position_origin_r_last_edited=\"on|phone\" width=\"100%\" width_tablet=\"35vw\" width_phone=\"80vw\" width_last_edited=\"on|phone\" custom_margin=\"|-2px||||\" custom_margin_tablet=\"|||0px|false|false\" custom_margin_phone=\"\" custom_margin_last_edited=\"on|phone\" custom_padding=\"|0px|||false|false\" custom_padding_tablet=\"|0px|||false|false\" custom_padding_phone=\"\" custom_padding_last_edited=\"on|desktop\" animation_style=\"fade\" transform_styles_tablet=\"\" transform_styles_phone=\"\" positioning_tablet=\"relative\" positioning_phone=\"\" positioning_last_edited=\"on|tablet\" module_alignment_tablet=\"\" module_alignment_phone=\"left\" module_alignment_last_edited=\"on|tablet\" global_colors_info=\"{}\"][\/et_pb_image][\/et_pb_column][et_pb_column type=\"2_3\" _builder_version=\"4.16\" global_colors_info=\"{}\"][et_pb_text _builder_version=\"4.17.6\" header_font=\"|800||on|||||\" width=\"114.7%\" width_tablet=\"\" width_phone=\"\" width_last_edited=\"on|phone\" custom_margin=\"|||-3vw|false|false\" custom_margin_tablet=\"|||0vw|false|false\" custom_margin_phone=\"|||0vw|false|false\" custom_margin_last_edited=\"on|tablet\" custom_padding=\"|10px|17px||false|false\" global_colors_info=\"{}\"]<\/p><h1>sortie cet hiver<\/h1><p>[\/et_pb_text][et_pb_text _builder_version=\"4.17.6\" width=\"114.7%\" width_tablet=\"\" width_phone=\"\" width_last_edited=\"on|phone\" custom_margin=\"-49px|0px|-61px|-3vw|false|false\" custom_margin_tablet=\"|||0vw|false|false\" custom_margin_phone=\"|||0vw|false|false\" custom_margin_last_edited=\"on|tablet\" custom_padding=\"9px|0px|0px||false|false\" global_colors_info=\"{}\"]<\/p><p style=\"text-align: justify;\">2023<br \/>Suisse, France<br \/>105 minutes<br \/>VO fran\u00e7ais<\/p><section class=\"intro\"><div class=\"container-outer\"><div class=\"container-fluid\"><div class=\"row\"><div class=\" col-xl-5\"><p>\u00a0<\/p><div class=\"col-sm-8 col-md-7 col-lg-6 col-lg-offset-1\"><div class=\"film-content\"><div id=\"tab-fr\" class=\"tab-content current\"><section class=\"intro\"><div class=\"container-outer\"><div class=\"container-fluid\"><div class=\"row\"><div class=\" col-xl-5\"><p class=\"p1\"><span class=\"s1\">En fugue, Manon (17) quitte les montagnes suisses \u00e0 la recherche de son p\u00e8re, qui reste introuvable. A la d\u00e9couverte de nouveaux liens et de son premier amour, elle s\u2019efforce de suivre la voie qu\u2019elle avait trac\u00e9e sur la glace: devenir hockeyeuse professionnelle.<\/span><\/p><\/div><\/div><\/div><\/div><\/section><section><div class=\"container-outer\"><div class=\"container-fluid\"><div class=\"row\"><div class=\"col-xl-5 offset-xl-5\">\u00a0<\/div><\/div><\/div><\/div><\/section><\/div><\/div><\/div><div class=\"col-sm-4 col-md-4 col-md-offset-1 col-lg-3 col-lg-offset-1\"><div class=\"film-sidebar\"><div class=\"film-poster\">\u00a0<\/div><\/div><\/div><\/div><\/div><\/div><\/div><\/section><section><div class=\"container-outer\"><div class=\"container-fluid\"><div class=\"row\"><div class=\"col-xl-5 offset-xl-5\">\u00a0<\/div><\/div><\/div><\/div><\/section><p>[\/et_pb_text][\/et_pb_column][\/et_pb_row][\/et_pb_section][et_pb_section fb_built=\"1\" module_class=\"FILMS_AV_LAYOUT2\" _builder_version=\"4.16\" background_color=\"rgba(90,182,221,0.28)\" min_height=\"226.8px\" custom_margin=\"50px||||false|false\" custom_padding=\"0px|||||\" global_colors_info=\"{}\"][et_pb_row column_structure=\"1_2,1_2\" _builder_version=\"4.17.6\" min_height=\"159px\" custom_margin=\"|auto|-6px|auto||\" custom_padding=\"||2px|||\" animation_style=\"fade\" global_colors_info=\"{}\"][et_pb_column type=\"1_2\" _builder_version=\"4.16\" global_colors_info=\"{}\"][et_pb_text disabled_on=\"off|off|off\" _builder_version=\"4.17.6\" header_font=\"|800||on|||||\" header_2_font=\"|800||on|||||\" header_3_font_size=\"23px\" custom_margin=\"||21px|||\" custom_padding=\"1px|||||\" global_colors_info=\"{}\"]<\/p><h1 class=\"p1\">Prix & Festivals<\/h1><p>\u00a0<\/p><ul><li><strong>Locarno Film Festival:<\/strong> \"Cin\u00e9astes du pr\u00e9sent 2023\"<\/li><\/ul><p>[\/et_pb_text][\/et_pb_column][et_pb_column type=\"1_2\" _builder_version=\"4.16\" global_colors_info=\"{}\"][\/et_pb_column][\/et_pb_row][\/et_pb_section][et_pb_section fb_built=\"1\" module_class=\"FILMS_AV_LAYOUT3\" _builder_version=\"4.16\" custom_margin=\"-17px|||||\" global_colors_info=\"{}\"][et_pb_row column_structure=\"1_2,1_2\" _builder_version=\"4.16\" min_height=\"734.9px\" global_colors_info=\"{}\"][et_pb_column type=\"1_2\" _builder_version=\"4.16\" global_colors_info=\"{}\"][et_pb_image src=\"https:\/\/www.outside-thebox.ch\/v2\/wp-content\/uploads\/2023\/07\/11_RIVIERE_422HQ_2k-scope_orig-scaled.jpg\" title_text=\"11_RIVIERE_422HQ_2k-scope_orig\" show_in_lightbox=\"on\" _builder_version=\"4.20.4\" _dynamic_attributes=\"url\" global_colors_info=\"{}\"][\/et_pb_image][et_pb_image src=\"https:\/\/www.outside-thebox.ch\/v2\/wp-content\/uploads\/2023\/07\/10_RIVIERE-1-scaled.jpg\" title_text=\"10_RIVIERE\" show_in_lightbox=\"on\" _builder_version=\"4.20.4\" _dynamic_attributes=\"url\" global_colors_info=\"{}\"][\/et_pb_image][\/et_pb_column][et_pb_column type=\"1_2\" _builder_version=\"4.16\" _module_preset=\"default\" global_colors_info=\"{}\"][et_pb_image src=\"https:\/\/www.outside-thebox.ch\/v2\/wp-content\/uploads\/2023\/07\/20_RIVIERE-1-scaled.jpg\" title_text=\"20_RIVIERE\" show_in_lightbox=\"on\" _builder_version=\"4.20.4\" _dynamic_attributes=\"url\" global_colors_info=\"{}\"][\/et_pb_image][et_pb_image src=\"https:\/\/www.outside-thebox.ch\/v2\/wp-content\/uploads\/2023\/07\/12_RIVIERE-1-scaled.jpg\" title_text=\"12_RIVIERE\" show_in_lightbox=\"on\" _builder_version=\"4.20.4\" _dynamic_attributes=\"url\" global_colors_info=\"{}\"][\/et_pb_image][\/et_pb_column][\/et_pb_row][\/et_pb_section][et_pb_section fb_built=\"1\" module_class=\"FILMS_AV_LAYOUT4\" _builder_version=\"4.16\" custom_padding=\"0px||3px|||\" global_colors_info=\"{}\"][et_pb_row column_structure=\"1_3,1_3,1_3\" _builder_version=\"4.16\" custom_padding=\"7px|||||\" global_colors_info=\"{}\"][et_pb_column type=\"1_3\" _builder_version=\"4.16\" global_colors_info=\"{}\"][et_pb_text admin_label=\"Texte\" _builder_version=\"4.16\" header_font=\"|800||on|||||\" header_2_font=\"|800||on|||||\" global_colors_info=\"{}\"]<\/p><h1>CAST & CREW<\/h1><p>[\/et_pb_text][et_pb_text _builder_version=\"4.17.6\" min_height=\"184px\" global_colors_info=\"{}\"]<\/p><div id=\"postexcerpt\" class=\"postbox first-visible\"><div class=\"inside\"><div class=\"page\" title=\"Page 18\"><div class=\"section\"><div class=\"layoutArea\"><div class=\"column\"><p><b>R\u00e9alisateur<br \/><\/b>Hugues Hariche<\/p><p><b style=\"font-size: 15px;\">Sc\u00e9nario<br \/><\/b><b><\/b>Joanne Giger et Hugues Hariche<\/p><p><b style=\"font-size: 15px;\">Cin\u00e9matographie<br \/><\/b><b style=\"font-size: 15px;\"><\/b><span style=\"font-size: 15px;\">Joseph Areddy<br \/><\/span><b style=\"font-size: 15px;\"><br \/><\/b><b style=\"font-size: 15px;\">Montage<br \/><\/b>Nicolas Desmaison<\/p><p><span style=\"font-size: 15px;\"><b>Musique\u00a0\u00a0<br \/><\/b>Nicolas Rabaeus <\/span><\/p><p><b style=\"font-size: 15px;\">Avec<br \/><\/b><span style=\"font-size: 15px;\">Flavie Delangle (Manon)<br \/>Sarah Bramms (Karine)<br \/>Camille Rutherford (Sophie)<\/span><\/p><p>\u00a0<\/p><\/div><\/div><\/div><\/div><\/div><\/div><p>[\/et_pb_text][\/et_pb_column][et_pb_column type=\"1_3\" _builder_version=\"4.16\" _module_preset=\"default\" global_colors_info=\"{}\"][et_pb_text disabled_on=\"off|off|off\" _builder_version=\"4.20.4\" header_font=\"|800||on|||||\" header_2_font=\"|800||on|||||\" custom_padding=\"0px|||||\" global_colors_info=\"{}\"]<\/p><h1><span style=\"color: #ffffff;\">CasT & CREW<\/span><\/h1><p>[\/et_pb_text][et_pb_text _builder_version=\"4.17.6\" min_height=\"307.8px\" global_colors_info=\"{}\"]<\/p><div id=\"postexcerpt\" class=\"postbox first-visible\"><div class=\"inside\"><div class=\"page\" title=\"Page 18\"><div class=\"section\"><div class=\"layoutArea\"><div class=\"column\"><p><b style=\"font-size: 15px;\">Production<br \/><\/b><b><\/b><span style=\"font-size: 15px;\">Beauvoir Films, Les Films d'Argile, RTS Radio T\u00e9l\u00e9vision Suisse<br \/>\u00a0<br \/><\/span><b style=\"font-size: 15px;\">Distribution Suisse<br \/><\/b><b><\/b><span style=\"font-size: 15px;\">Outside The Box<\/span><br \/><b><\/b><\/p><\/div><\/div><\/div><\/div><p>\u00a0<\/p><\/div><\/div><p>[\/et_pb_text][\/et_pb_column][et_pb_column type=\"1_3\" _builder_version=\"4.16\" global_colors_info=\"{}\"][et_pb_text disabled_on=\"off|off|off\" _builder_version=\"4.17.6\" header_font=\"|800||on|||||\" header_2_font=\"|800||on|||||\" global_colors_info=\"{}\"]<\/p><h1>DOWNLOADS<\/h1><p>[\/et_pb_text][et_pb_text disabled_on=\"off|off|off\" _builder_version=\"4.20.4\" global_colors_info=\"{}\"]<\/p><p><b>T\u00e9l\u00e9chargez<\/b><strong>\u00a0<\/strong><b>le mat\u00e9riel du film:<\/b><\/p><p><span style=\"color: #333333;\">Bande-annonce<\/span><br \/><span style=\"color: #333333;\">Bande-annonce DCP\u00a0<\/span><br \/><a href=\"https:\/\/www.outside-thebox.ch\/v2\/wp-content\/uploads\/2023\/07\/B1_RIVIERE_web_light-scaled.jpg\" target=\"_blank\" rel=\"noopener\"><span style=\"color: #333333;\">Affiche<\/span><\/a><br \/><span style=\"color: #333333;\">Flyer<\/span><br \/><span style=\"text-decoration: underline;\"><span style=\"color: #0000ff; text-decoration: underline;\"><a style=\"color: #0000ff; text-decoration: underline;\" href=\"https:\/\/we.tl\/t-dNxf9fV7jH\" target=\"_blank\" rel=\"noopener\">Photos <\/a><\/span><\/span><br \/><span style=\"color: #333333;\">Dossier presse<\/span><span style=\"text-decoration: underline;\"><br \/><\/span><\/p><p>[\/et_pb_text][\/et_pb_column][\/et_pb_row][\/et_pb_section][et_pb_section fb_built=\"1\" _builder_version=\"4.20.4\" _module_preset=\"default\" global_colors_info=\"{}\"][et_pb_row _builder_version=\"4.20.4\" _module_preset=\"default\" global_colors_info=\"{}\"][et_pb_column type=\"4_4\" _builder_version=\"4.20.4\" _module_preset=\"default\" global_colors_info=\"{}\"][\/et_pb_column][\/et_pb_row][\/et_pb_section]<\/p>","_et_gb_content_width":"","_jetpack_memberships_contains_paid_content":false,"footnotes":""},"categories":[19],"tags":[30],"yoast_head":"<!-- This site is optimized with the Yoast SEO plugin v22.9 - https:\/\/yoast.com\/wordpress\/plugins\/seo\/ -->\n<title>Le Th\u00e9or\u00e8me de Marguerite - Outside the Box<\/title>\n<meta name=\"robots\" content=\"index, follow, max-snippet:-1, max-image-preview:large, max-video-preview:-1\" \/>\n<link rel=\"canonical\" href=\"https:\/\/www.outside-thebox.ch\/de\/le-theoreme-de-marguerite\/\" \/>\n<meta property=\"og:locale\" content=\"de_DE\" \/>\n<meta property=\"og:type\" content=\"article\" \/>\n<meta property=\"og:title\" content=\"Le Th\u00e9or\u00e8me de Marguerite - Outside the Box\" \/>\n<meta property=\"og:description\" content=\"AB 14. DEZEMBER\u00a0 IM KINO !   Die brillante Mathematikstudentin Marguerite steht kurz vor ihrer Dissertation. In der von M\u00e4nnern dominierten akademischen Welt zeichnet sich eine steile Karriere ab. Doch am Tag der Pr\u00e4sentation ihrer Doktorarbeit ersch\u00fcttert ein Fehler alle ihre bisherigen Gewissheiten. Marguerite beschliesst, alles hinter sich zu lassen und neu anzufangen.\" \/>\n<meta property=\"og:url\" content=\"https:\/\/www.outside-thebox.ch\/de\/le-theoreme-de-marguerite\/\" \/>\n<meta property=\"og:site_name\" content=\"Outside the Box\" \/>\n<meta property=\"article:published_time\" content=\"2023-09-28T09:44:05+00:00\" \/>\n<meta property=\"article:modified_time\" content=\"2024-01-12T10:32:52+00:00\" \/>\n<meta property=\"og:image\" content=\"https:\/\/www.outside-thebox.ch\/v2\/wp-content\/uploads\/2023\/09\/Theoreme-Marguerite_B1_OTB_web_light-scaled.jpg\" \/>\n\t<meta property=\"og:image:width\" content=\"1792\" \/>\n\t<meta property=\"og:image:height\" content=\"2560\" \/>\n\t<meta property=\"og:image:type\" content=\"image\/jpeg\" \/>\n<meta name=\"author\" content=\"Editeur OTB\" \/>\n<meta name=\"twitter:card\" content=\"summary_large_image\" \/>\n<meta name=\"twitter:label1\" content=\"Verfasst von\" \/>\n\t<meta name=\"twitter:data1\" content=\"Editeur OTB\" \/>\n\t<meta name=\"twitter:label2\" content=\"Gesch\u00e4tzte Lesezeit\" \/>\n\t<meta name=\"twitter:data2\" content=\"3\u00a0Minuten\" \/>\n<script type=\"application\/ld+json\" class=\"yoast-schema-graph\">{\"@context\":\"https:\/\/schema.org\",\"@graph\":[{\"@type\":\"WebPage\",\"@id\":\"https:\/\/www.outside-thebox.ch\/de\/le-theoreme-de-marguerite\/\",\"url\":\"https:\/\/www.outside-thebox.ch\/de\/le-theoreme-de-marguerite\/\",\"name\":\"Le Th\u00e9or\u00e8me de Marguerite - Outside the Box\",\"isPartOf\":{\"@id\":\"https:\/\/www.outside-thebox.ch\/de\/#website\"},\"primaryImageOfPage\":{\"@id\":\"https:\/\/www.outside-thebox.ch\/de\/le-theoreme-de-marguerite\/#primaryimage\"},\"image\":{\"@id\":\"https:\/\/www.outside-thebox.ch\/de\/le-theoreme-de-marguerite\/#primaryimage\"},\"thumbnailUrl\":\"https:\/\/www.outside-thebox.ch\/v2\/wp-content\/uploads\/2023\/09\/Theoreme-Marguerite_B1_OTB_web_light-scaled.jpg\",\"datePublished\":\"2023-09-28T09:44:05+00:00\",\"dateModified\":\"2024-01-12T10:32:52+00:00\",\"author\":{\"@id\":\"https:\/\/www.outside-thebox.ch\/de\/#\/schema\/person\/a3c080f4f5369deffc380dfbe91da6dc\"},\"breadcrumb\":{\"@id\":\"https:\/\/www.outside-thebox.ch\/de\/le-theoreme-de-marguerite\/#breadcrumb\"},\"inLanguage\":\"de\",\"potentialAction\":[{\"@type\":\"ReadAction\",\"target\":[\"https:\/\/www.outside-thebox.ch\/de\/le-theoreme-de-marguerite\/\"]}]},{\"@type\":\"ImageObject\",\"inLanguage\":\"de\",\"@id\":\"https:\/\/www.outside-thebox.ch\/de\/le-theoreme-de-marguerite\/#primaryimage\",\"url\":\"https:\/\/www.outside-thebox.ch\/v2\/wp-content\/uploads\/2023\/09\/Theoreme-Marguerite_B1_OTB_web_light-scaled.jpg\",\"contentUrl\":\"https:\/\/www.outside-thebox.ch\/v2\/wp-content\/uploads\/2023\/09\/Theoreme-Marguerite_B1_OTB_web_light-scaled.jpg\",\"width\":1792,\"height\":2560},{\"@type\":\"BreadcrumbList\",\"@id\":\"https:\/\/www.outside-thebox.ch\/de\/le-theoreme-de-marguerite\/#breadcrumb\",\"itemListElement\":[{\"@type\":\"ListItem\",\"position\":1,\"name\":\"Accueil\",\"item\":\"https:\/\/www.outside-thebox.ch\/de\/\"},{\"@type\":\"ListItem\",\"position\":2,\"name\":\"Le Th\u00e9or\u00e8me de Marguerite\"}]},{\"@type\":\"WebSite\",\"@id\":\"https:\/\/www.outside-thebox.ch\/de\/#website\",\"url\":\"https:\/\/www.outside-thebox.ch\/de\/\",\"name\":\"Outside the Box\",\"description\":\"Maison de distribution de films\",\"potentialAction\":[{\"@type\":\"SearchAction\",\"target\":{\"@type\":\"EntryPoint\",\"urlTemplate\":\"https:\/\/www.outside-thebox.ch\/de\/?s={search_term_string}\"},\"query-input\":\"required name=search_term_string\"}],\"inLanguage\":\"de\"},{\"@type\":\"Person\",\"@id\":\"https:\/\/www.outside-thebox.ch\/de\/#\/schema\/person\/a3c080f4f5369deffc380dfbe91da6dc\",\"name\":\"Editeur OTB\",\"image\":{\"@type\":\"ImageObject\",\"inLanguage\":\"de\",\"@id\":\"https:\/\/www.outside-thebox.ch\/de\/#\/schema\/person\/image\/\",\"url\":\"https:\/\/secure.gravatar.com\/avatar\/fc0a06eff27688a179f5a8f7fe740ed9?s=96&d=mm&r=g\",\"contentUrl\":\"https:\/\/secure.gravatar.com\/avatar\/fc0a06eff27688a179f5a8f7fe740ed9?s=96&d=mm&r=g\",\"caption\":\"Editeur OTB\"},\"url\":\"https:\/\/www.outside-thebox.ch\/de\/author\/edit_otb\/\"}]}<\/script>\n<!-- \/ Yoast SEO plugin. -->","yoast_head_json":{"title":"Le Th\u00e9or\u00e8me de Marguerite - Outside the Box","robots":{"index":"index","follow":"follow","max-snippet":"max-snippet:-1","max-image-preview":"max-image-preview:large","max-video-preview":"max-video-preview:-1"},"canonical":"https:\/\/www.outside-thebox.ch\/de\/le-theoreme-de-marguerite\/","og_locale":"de_DE","og_type":"article","og_title":"Le Th\u00e9or\u00e8me de Marguerite - Outside the Box","og_description":"AB 14. DEZEMBER\u00a0 IM KINO !   Die brillante Mathematikstudentin Marguerite steht kurz vor ihrer Dissertation. In der von M\u00e4nnern dominierten akademischen Welt zeichnet sich eine steile Karriere ab. Doch am Tag der Pr\u00e4sentation ihrer Doktorarbeit ersch\u00fcttert ein Fehler alle ihre bisherigen Gewissheiten. Marguerite beschliesst, alles hinter sich zu lassen und neu anzufangen.","og_url":"https:\/\/www.outside-thebox.ch\/de\/le-theoreme-de-marguerite\/","og_site_name":"Outside the Box","article_published_time":"2023-09-28T09:44:05+00:00","article_modified_time":"2024-01-12T10:32:52+00:00","og_image":[{"width":1792,"height":2560,"url":"https:\/\/www.outside-thebox.ch\/v2\/wp-content\/uploads\/2023\/09\/Theoreme-Marguerite_B1_OTB_web_light-scaled.jpg","type":"image\/jpeg"}],"author":"Editeur OTB","twitter_card":"summary_large_image","twitter_misc":{"Verfasst von":"Editeur OTB","Gesch\u00e4tzte Lesezeit":"3\u00a0Minuten"},"schema":{"@context":"https:\/\/schema.org","@graph":[{"@type":"WebPage","@id":"https:\/\/www.outside-thebox.ch\/de\/le-theoreme-de-marguerite\/","url":"https:\/\/www.outside-thebox.ch\/de\/le-theoreme-de-marguerite\/","name":"Le Th\u00e9or\u00e8me de Marguerite - Outside the Box","isPartOf":{"@id":"https:\/\/www.outside-thebox.ch\/de\/#website"},"primaryImageOfPage":{"@id":"https:\/\/www.outside-thebox.ch\/de\/le-theoreme-de-marguerite\/#primaryimage"},"image":{"@id":"https:\/\/www.outside-thebox.ch\/de\/le-theoreme-de-marguerite\/#primaryimage"},"thumbnailUrl":"https:\/\/www.outside-thebox.ch\/v2\/wp-content\/uploads\/2023\/09\/Theoreme-Marguerite_B1_OTB_web_light-scaled.jpg","datePublished":"2023-09-28T09:44:05+00:00","dateModified":"2024-01-12T10:32:52+00:00","author":{"@id":"https:\/\/www.outside-thebox.ch\/de\/#\/schema\/person\/a3c080f4f5369deffc380dfbe91da6dc"},"breadcrumb":{"@id":"https:\/\/www.outside-thebox.ch\/de\/le-theoreme-de-marguerite\/#breadcrumb"},"inLanguage":"de","potentialAction":[{"@type":"ReadAction","target":["https:\/\/www.outside-thebox.ch\/de\/le-theoreme-de-marguerite\/"]}]},{"@type":"ImageObject","inLanguage":"de","@id":"https:\/\/www.outside-thebox.ch\/de\/le-theoreme-de-marguerite\/#primaryimage","url":"https:\/\/www.outside-thebox.ch\/v2\/wp-content\/uploads\/2023\/09\/Theoreme-Marguerite_B1_OTB_web_light-scaled.jpg","contentUrl":"https:\/\/www.outside-thebox.ch\/v2\/wp-content\/uploads\/2023\/09\/Theoreme-Marguerite_B1_OTB_web_light-scaled.jpg","width":1792,"height":2560},{"@type":"BreadcrumbList","@id":"https:\/\/www.outside-thebox.ch\/de\/le-theoreme-de-marguerite\/#breadcrumb","itemListElement":[{"@type":"ListItem","position":1,"name":"Accueil","item":"https:\/\/www.outside-thebox.ch\/de\/"},{"@type":"ListItem","position":2,"name":"Le Th\u00e9or\u00e8me de Marguerite"}]},{"@type":"WebSite","@id":"https:\/\/www.outside-thebox.ch\/de\/#website","url":"https:\/\/www.outside-thebox.ch\/de\/","name":"Outside the Box","description":"Maison de distribution de films","potentialAction":[{"@type":"SearchAction","target":{"@type":"EntryPoint","urlTemplate":"https:\/\/www.outside-thebox.ch\/de\/?s={search_term_string}"},"query-input":"required name=search_term_string"}],"inLanguage":"de"},{"@type":"Person","@id":"https:\/\/www.outside-thebox.ch\/de\/#\/schema\/person\/a3c080f4f5369deffc380dfbe91da6dc","name":"Editeur OTB","image":{"@type":"ImageObject","inLanguage":"de","@id":"https:\/\/www.outside-thebox.ch\/de\/#\/schema\/person\/image\/","url":"https:\/\/secure.gravatar.com\/avatar\/fc0a06eff27688a179f5a8f7fe740ed9?s=96&d=mm&r=g","contentUrl":"https:\/\/secure.gravatar.com\/avatar\/fc0a06eff27688a179f5a8f7fe740ed9?s=96&d=mm&r=g","caption":"Editeur OTB"},"url":"https:\/\/www.outside-thebox.ch\/de\/author\/edit_otb\/"}]}},"jetpack_sharing_enabled":true,"jetpack_featured_media_url":"https:\/\/www.outside-thebox.ch\/v2\/wp-content\/uploads\/2023\/09\/Theoreme-Marguerite_B1_OTB_web_light-scaled.jpg","_links":{"self":[{"href":"https:\/\/www.outside-thebox.ch\/de\/wp-json\/wp\/v2\/posts\/22894"}],"collection":[{"href":"https:\/\/www.outside-thebox.ch\/de\/wp-json\/wp\/v2\/posts"}],"about":[{"href":"https:\/\/www.outside-thebox.ch\/de\/wp-json\/wp\/v2\/types\/post"}],"author":[{"embeddable":true,"href":"https:\/\/www.outside-thebox.ch\/de\/wp-json\/wp\/v2\/users\/8"}],"replies":[{"embeddable":true,"href":"https:\/\/www.outside-thebox.ch\/de\/wp-json\/wp\/v2\/comments?post=22894"}],"version-history":[{"count":53,"href":"https:\/\/www.outside-thebox.ch\/de\/wp-json\/wp\/v2\/posts\/22894\/revisions"}],"predecessor-version":[{"id":24440,"href":"https:\/\/www.outside-thebox.ch\/de\/wp-json\/wp\/v2\/posts\/22894\/revisions\/24440"}],"wp:featuredmedia":[{"embeddable":true,"href":"https:\/\/www.outside-thebox.ch\/de\/wp-json\/wp\/v2\/media\/22938"}],"wp:attachment":[{"href":"https:\/\/www.outside-thebox.ch\/de\/wp-json\/wp\/v2\/media?parent=22894"}],"wp:term":[{"taxonomy":"category","embeddable":true,"href":"https:\/\/www.outside-thebox.ch\/de\/wp-json\/wp\/v2\/categories?post=22894"},{"taxonomy":"post_tag","embeddable":true,"href":"https:\/\/www.outside-thebox.ch\/de\/wp-json\/wp\/v2\/tags?post=22894"}],"curies":[{"name":"wp","href":"https:\/\/api.w.org\/{rel}","templated":true}]}}