{"id":2513,"date":"2020-03-13T13:24:31","date_gmt":"2020-03-13T12:24:31","guid":{"rendered":"https:\/\/www.outside-thebox.ch\/v2\/?p=2513"},"modified":"2023-03-28T11:00:29","modified_gmt":"2023-03-28T09:00:29","slug":"a-lecole-des-philosophes","status":"publish","type":"post","link":"https:\/\/www.outside-thebox.ch\/de\/a-lecole-des-philosophes\/","title":{"rendered":"A l&#8217;\u00e9cole des philosophes"},"content":{"rendered":"<p>[et_pb_section fb_built=&#8220;1&#8243; _builder_version=&#8220;4.16&#8243; global_colors_info=&#8220;{}&#8220;][et_pb_row module_id=&#8220;FILMS_CUSTOM_TITLE&#8220; _builder_version=&#8220;4.16&#8243; custom_padding=&#8220;||23px|||&#8220; global_colors_info=&#8220;{}&#8220;][et_pb_column type=&#8220;4_4&#8243; _builder_version=&#8220;4.16&#8243; global_colors_info=&#8220;{}&#8220;][et_pb_text _builder_version=&#8220;4.16&#8243; header_2_font=&#8220;|800||on|||||&#8220; header_2_font_size=&#8220;30px&#8220; custom_padding=&#8220;||24px|||&#8220; global_colors_info=&#8220;{}&#8220;]<\/p>\n<h2>\u00e0 l&#8217;\u00e9cole des philosophes, <span>ein Film von Fernand Melgar<\/span><\/h2>\n<p>[\/et_pb_text][\/et_pb_column][\/et_pb_row][\/et_pb_section][et_pb_section fb_built=&#8220;1&#8243; module_class=&#8220;FILMS_AV_LAYOUT0&#8243; _builder_version=&#8220;4.16&#8243; custom_padding=&#8220;2px||0px|||&#8220; global_colors_info=&#8220;{}&#8220;][et_pb_row module_class=&#8220;FILMS_AV_LAYOUT0&#8243; _builder_version=&#8220;4.16&#8243; custom_margin=&#8220;-82px|auto||auto||&#8220; custom_padding=&#8220;||3px|||&#8220; global_colors_info=&#8220;{}&#8220;][et_pb_column type=&#8220;4_4&#8243; _builder_version=&#8220;4.16&#8243; global_colors_info=&#8220;{}&#8220;][et_pb_video_slider show_image_overlay=&#8220;on&#8220; show_thumbnails=&#8220;off&#8220; play_icon_color=&#8220;#ffffff&#8220; use_icon_font_size=&#8220;on&#8220; module_class=&#8220;custom-slider&#8220; _builder_version=&#8220;4.17.6&#8243; background_image=&#8220;https:\/\/www.outside-thebox.ch\/v2\/wp-content\/uploads\/2020\/03\/01_-A\u0300-le\u0301cole-des-Philosophes-2-scaled.jpg&#8220; hover_enabled=&#8220;0&#8243; global_colors_info=&#8220;{}&#8220; sticky_enabled=&#8220;0&#8243;][et_pb_video_slider_item src=&#8220;https:\/\/vimeo.com\/279401759&#8243; image_src=&#8220;https:\/\/www.outside-thebox.ch\/v2\/wp-content\/uploads\/2020\/03\/01_-A\u0300-le\u0301cole-des-Philosophes-2-scaled.jpg&#8220; _builder_version=&#8220;4.17.6&#8243; hover_enabled=&#8220;0&#8243; global_colors_info=&#8220;{}&#8220; show_image_overlay=&#8220;on&#8220; sticky_enabled=&#8220;0&#8243;][\/et_pb_video_slider_item][\/et_pb_video_slider][\/et_pb_column][\/et_pb_row][\/et_pb_section][et_pb_section fb_built=&#8220;1&#8243; module_class=&#8220;FILMS_AV_LAYOUT1&#8243; _builder_version=&#8220;4.16&#8243; custom_padding=&#8220;4px|||||&#8220; global_colors_info=&#8220;{}&#8220;][et_pb_row column_structure=&#8220;1_3,2_3&#8243; _builder_version=&#8220;4.16&#8243; custom_padding=&#8220;||0px|||&#8220; global_colors_info=&#8220;{}&#8220;][et_pb_column type=&#8220;1_3&#8243; _builder_version=&#8220;4.16&#8243; global_colors_info=&#8220;{}&#8220;][et_pb_image src=&#8220;@ET-DC@eyJkeW5hbWljIjp0cnVlLCJjb250ZW50IjoicG9zdF9mZWF0dXJlZF9pbWFnZSIsInNldHRpbmdzIjp7fX0=@&#8220; align=&#8220;center&#8220; admin_label=&#8220;Image&#8220; _builder_version=&#8220;4.16&#8243; _dynamic_attributes=&#8220;src&#8220; transform_scale_tablet=&#8220;&#8220; transform_scale_phone=&#8220;&#8220; transform_scale_last_edited=&#8220;on|tablet&#8220; transform_translate_tablet=&#8220;&#8220; transform_translate_phone=&#8220;&#8220; transform_translate_last_edited=&#8220;on|tablet&#8220; transform_rotate_tablet=&#8220;&#8220; transform_rotate_phone=&#8220;&#8220; transform_rotate_last_edited=&#8220;on|tablet&#8220; transform_skew_tablet=&#8220;&#8220; transform_skew_phone=&#8220;&#8220; transform_skew_last_edited=&#8220;on|tablet&#8220; transform_origin_tablet=&#8220;&#8220; transform_origin_phone=&#8220;&#8220; transform_origin_last_edited=&#8220;on|tablet&#8220; transform_styles_last_edited=&#8220;on|tablet&#8220; vertical_offset=&#8220;0px&#8220; horizontal_offset=&#8220;0px&#8220; position_origin_a_tablet=&#8220;&#8220; position_origin_a_phone=&#8220;&#8220; position_origin_a_last_edited=&#8220;on|phone&#8220; position_origin_f_tablet=&#8220;&#8220; position_origin_f_phone=&#8220;&#8220; position_origin_f_last_edited=&#8220;on|phone&#8220; position_origin_r_tablet=&#8220;&#8220; position_origin_r_phone=&#8220;&#8220; position_origin_r_last_edited=&#8220;on|phone&#8220; width=&#8220;100%&#8220; width_tablet=&#8220;35vw&#8220; width_phone=&#8220;80vw&#8220; width_last_edited=&#8220;on|phone&#8220; custom_margin=&#8220;|-2px||||&#8220; custom_margin_tablet=&#8220;|||0px|false|false&#8220; custom_margin_phone=&#8220;&#8220; custom_margin_last_edited=&#8220;on|phone&#8220; custom_padding=&#8220;|0px|||false|false&#8220; custom_padding_tablet=&#8220;|0px|||false|false&#8220; custom_padding_phone=&#8220;&#8220; custom_padding_last_edited=&#8220;on|desktop&#8220; animation_style=&#8220;fade&#8220; transform_styles_tablet=&#8220;&#8220; transform_styles_phone=&#8220;&#8220; positioning_tablet=&#8220;relative&#8220; positioning_phone=&#8220;&#8220; positioning_last_edited=&#8220;on|tablet&#8220; module_alignment_tablet=&#8220;&#8220; module_alignment_phone=&#8220;left&#8220; module_alignment_last_edited=&#8220;on|tablet&#8220; global_colors_info=&#8220;{}&#8220;][\/et_pb_image][\/et_pb_column][et_pb_column type=&#8220;2_3&#8243; _builder_version=&#8220;4.16&#8243; global_colors_info=&#8220;{}&#8220;][et_pb_text _builder_version=&#8220;4.16&#8243; header_font=&#8220;|800||on|||||&#8220; width=&#8220;114.7%&#8220; width_tablet=&#8220;&#8220; width_phone=&#8220;&#8220; width_last_edited=&#8220;on|phone&#8220; custom_margin=&#8220;|||-3vw|false|false&#8220; custom_margin_tablet=&#8220;|||0vw|false|false&#8220; custom_margin_phone=&#8220;|||0vw|false|false&#8220; custom_margin_last_edited=&#8220;on|tablet&#8220; custom_padding=&#8220;|10px|||false|false&#8220; global_colors_info=&#8220;{}&#8220;][\/et_pb_text][et_pb_text _builder_version=&#8220;4.16&#8243; width=&#8220;114.7%&#8220; width_tablet=&#8220;&#8220; width_phone=&#8220;&#8220; width_last_edited=&#8220;on|phone&#8220; custom_margin=&#8220;-17px|||-3vw|false|false&#8220; custom_margin_tablet=&#8220;|||0vw|false|false&#8220; custom_margin_phone=&#8220;|||0vw|false|false&#8220; custom_margin_last_edited=&#8220;on|tablet&#8220; custom_padding=&#8220;|10px|||false|false&#8220; global_colors_info=&#8220;{}&#8220;]<\/p>\n<p>2018<br \/> Schweiz<br \/> 97 Minuten<br \/> OV Franz\u00f6sisch &#8211; Untertiteln DE, ITA<\/p>\n<p>Der Film begleitet fu\u0308nf kleine Ma\u0308dchen und Jungen wa\u0308hrend ihres ersten Schuljahres in einer Sonderschule der Westschweiz. Sie sind alle mehr oder weniger stark von einer geistigen Behinderung betroffen. Betreut von einem Team ausdauernder Pa\u0308dagogen und Therapeuten, lernen sie, miteinander umzugehen. Nach und nach findet die Klasse vor unseren Augen zusammen, und was zuna\u0308chst unmo\u0308glich schien, wird Wirklichkeit. Die Kinder machen allen Widrigkeiten zum Trotz Fortschritte, zum Erstaunen und zum grossen Glu\u0308ck ihrer Eltern. Humorvoll und za\u0308rtlich, in Freud und Leid, zeigt sich, wie eine kleine Gruppe von Kindern, die nicht so sind wie die andern, das Abenteuer Leben und die Welt entdeckt.<\/p>\n<p>&nbsp;<\/p>\n<p><strong>PREISE, NOMINATIONEN<\/strong><\/p>\n<p><strong>Gen\u00e8ve<\/strong>, FIFDH Festival International du film sur les droits humains, Prix Du Jury De La Brenaz 2018<\/p>\n<p><a href=\"https:\/\/we.tl\/t-4sCoYzlboG\" target=\"_blank\" rel=\"noopener noreferrer\"><img loading=\"lazy\" decoding=\"async\" src=\"https:\/\/www.outside-thebox.ch\/v2\/wp-content\/uploads\/2020\/03\/DOWNLOADS.png\" width=\"151\" height=\"47\" alt=\"\" class=\"wp-image-4234 alignnone size-full\" \/><\/a><\/p>\n<p>[\/et_pb_text][\/et_pb_column][\/et_pb_row][\/et_pb_section][et_pb_section fb_built=&#8220;1&#8243; module_class=&#8220;FILMS_AV_LAYOUT2&#8243; _builder_version=&#8220;4.16&#8243; background_color=&#8220;#efefef&#8220; custom_margin=&#8220;30px||||false|false&#8220; global_colors_info=&#8220;{}&#8220;][et_pb_row column_structure=&#8220;1_2,1_2&#8243; _builder_version=&#8220;4.16&#8243; min_height=&#8220;159px&#8220; custom_margin=&#8220;|auto|-6px|auto||&#8220; custom_padding=&#8220;||2px|||&#8220; animation_style=&#8220;fade&#8220; global_colors_info=&#8220;{}&#8220;][et_pb_column type=&#8220;1_2&#8243; _builder_version=&#8220;4.16&#8243; global_colors_info=&#8220;{}&#8220;][et_pb_text _builder_version=&#8220;4.16&#8243; header_font=&#8220;|800||on|||||&#8220; header_2_font=&#8220;|800||on|||||&#8220; header_3_font_size=&#8220;23px&#8220; custom_margin=&#8220;||19px|||&#8220; global_colors_info=&#8220;{}&#8220;]<\/p>\n<h1>film online anschauen<\/h1>\n<p>&nbsp;<\/p>\n<p><a href=\"https:\/\/vimeo.com\/ondemand\/lecoledesphilosophes2\" target=\"_blank\" rel=\"noopener noreferrer\"><img loading=\"lazy\" decoding=\"async\" src=\"https:\/\/www.outside-thebox.ch\/v2\/wp-content\/uploads\/2020\/03\/LocationDE.png\" alt=\"\" class=\"wp-image-4180 alignnone size-full\" width=\"270\" height=\"91\" \/><\/a><\/p>\n<p><a href=\"https:\/\/vimeo.com\/ondemand\/lecoledesphilosophes2\" target=\"_blank\" rel=\"noopener noreferrer\"><img loading=\"lazy\" decoding=\"async\" src=\"https:\/\/www.outside-thebox.ch\/v2\/wp-content\/uploads\/2020\/03\/ACHATde-1.png\" alt=\"\" class=\"wp-image-4313 alignnone size-full\" width=\"268\" height=\"91\" \/><\/a><\/p>\n<p>&nbsp;<\/p>\n<p>[\/et_pb_text][\/et_pb_column][et_pb_column type=&#8220;1_2&#8243; _builder_version=&#8220;4.16&#8243; global_colors_info=&#8220;{}&#8220;][et_pb_text _builder_version=&#8220;4.16&#8243; header_font=&#8220;|800||on|||||&#8220; header_2_font=&#8220;|800||on|||||&#8220; header_3_font_size=&#8220;23px&#8220; global_colors_info=&#8220;{}&#8220;]<\/p>\n<p><em>Wenn Sie das DVD kaufen m\u00f6chten, dann schreiben Sie uns an\u00a0<\/em><a href=\"mailto:munsel@outside-thebox.ch\"><strong><em>munsel@outside-thebox.ch<\/em><\/strong><\/a><\/p>\n<p>&nbsp;<\/p>\n<p>&nbsp;<\/p>\n<p>[\/et_pb_text][\/et_pb_column][\/et_pb_row][\/et_pb_section][et_pb_section fb_built=&#8220;1&#8243; module_class=&#8220;FILMS_AV_LAYOUT3&#8243; _builder_version=&#8220;4.16&#8243; global_colors_info=&#8220;{}&#8220;][et_pb_row column_structure=&#8220;1_2,1_2&#8243; _builder_version=&#8220;4.16&#8243; global_colors_info=&#8220;{}&#8220;][et_pb_column type=&#8220;1_2&#8243; _builder_version=&#8220;4.16&#8243; global_colors_info=&#8220;{}&#8220;][et_pb_image src=&#8220;https:\/\/www.outside-thebox.ch\/v2\/wp-content\/uploads\/2020\/02\/19_-A\u0300-le\u0301cole-des-Philosophes_LR-3.jpg&#8220; show_in_lightbox=&#8220;on&#8220; _builder_version=&#8220;4.16&#8243; _dynamic_attributes=&#8220;url&#8220; global_colors_info=&#8220;{}&#8220;][\/et_pb_image][et_pb_image src=&#8220;https:\/\/www.outside-thebox.ch\/v2\/wp-content\/uploads\/2020\/02\/39_-A\u0300-le\u0301cole-des-PhilosophesLR.jpeg&#8220; show_in_lightbox=&#8220;on&#8220; _builder_version=&#8220;4.16&#8243; _dynamic_attributes=&#8220;url&#8220; global_colors_info=&#8220;{}&#8220;][\/et_pb_image][\/et_pb_column][et_pb_column type=&#8220;1_2&#8243; _builder_version=&#8220;4.16&#8243; global_colors_info=&#8220;{}&#8220;][et_pb_image src=&#8220;https:\/\/www.outside-thebox.ch\/v2\/wp-content\/uploads\/2020\/02\/04_-A\u0300-le\u0301cole-des-Philosophes_LR.jpg&#8220; show_in_lightbox=&#8220;on&#8220; _builder_version=&#8220;4.16&#8243; _dynamic_attributes=&#8220;url&#8220; global_colors_info=&#8220;{}&#8220;][\/et_pb_image][et_pb_image src=&#8220;https:\/\/www.outside-thebox.ch\/v2\/wp-content\/uploads\/2020\/02\/22_-A\u0300-le\u0301cole-des-Philosophes_LR.jpg&#8220; show_in_lightbox=&#8220;on&#8220; _builder_version=&#8220;4.16&#8243; _dynamic_attributes=&#8220;url&#8220; global_colors_info=&#8220;{}&#8220;][\/et_pb_image][\/et_pb_column][\/et_pb_row][\/et_pb_section][et_pb_section fb_built=&#8220;1&#8243; module_class=&#8220;FILMS_AV_LAYOUT4&#8243; _builder_version=&#8220;4.16&#8243; custom_padding=&#8220;0px||3px|||&#8220; global_colors_info=&#8220;{}&#8220;][et_pb_row column_structure=&#8220;1_2,1_2&#8243; _builder_version=&#8220;4.16&#8243; global_colors_info=&#8220;{}&#8220;][et_pb_column type=&#8220;1_2&#8243; _builder_version=&#8220;4.16&#8243; global_colors_info=&#8220;{}&#8220;][et_pb_text admin_label=&#8220;Texte&#8220; _builder_version=&#8220;4.16&#8243; header_font=&#8220;|800||on|||||&#8220; header_2_font=&#8220;|800||on|||||&#8220; global_colors_info=&#8220;{}&#8220;]<\/p>\n<h1>CREW<\/h1>\n<p>[\/et_pb_text][et_pb_text _builder_version=&#8220;4.16&#8243; min_height=&#8220;184px&#8220; global_colors_info=&#8220;{}&#8220;]<\/p>\n<p><strong>Regie<\/strong><b><br \/> <\/b>Fernand Melgar<o:p><\/o:p><\/p>\n<p><strong>Drehcuch<\/strong><b><br \/> <\/b>C\u00e9dric Blanc Fernand Melgar<o:p><\/o:p><\/p>\n<p><strong>Forschung<\/strong><b><br \/> <\/b>Janka Rahm<o:p><\/o:p><\/p>\n<p><strong>Regieassitenz<\/strong><b><br \/> <\/b>Rui Pires<o:p><\/o:p><\/p>\n<p><strong>Bild und Ton<\/strong><b><br \/> <\/b>Fernand Melgar<o:p><\/o:p><\/p>\n<p><strong>Schnitt<\/strong><b><br \/> <\/b>Karine Sudan<o:p><\/o:p><\/p>\n<p><strong>Musik<\/strong><b><br \/> <\/b>Nicolas Rabaeus<o:p><\/o:p><\/p>\n<p><strong>Dolmetscher<\/strong><b><br \/> <\/b>Ensemble Sigma<o:p><\/o:p><\/p>\n<p><strong>Tonmischung<\/strong><b><br \/> <\/b>Denis S\u00e9chaud<o:p><\/o:p><\/p>\n<p><strong>Eichung<\/strong><b><br \/> <\/b>Robin Erard<o:p><\/o:p><\/p>\n<p><strong>Produktionassistenz<\/strong><b><br \/> <\/b>C\u00e9line Pernet<o:p><\/o:p><\/p>\n<p><strong>Produktion<\/strong><b><br \/> <\/b>Fernand Melgar \u2013 Climage<o:p><\/o:p><\/p>\n<p><strong>Koproduktion<\/strong><b><br \/> <\/b>RTS Unit\u00e9 des films documentaires<br \/> Ir\u00e8ne Challand, Gaspard Lamuni\u00e8re SRG SSR \u2013 Sven W\u00e4lti<o:p><\/o:p><\/p>\n<p>[\/et_pb_text][\/et_pb_column][et_pb_column type=&#8220;1_2&#8243; _builder_version=&#8220;4.16&#8243; global_colors_info=&#8220;{}&#8220;][et_pb_text _builder_version=&#8220;4.16&#8243; header_font=&#8220;|800||on|||||&#8220; header_2_font=&#8220;|800||on|||||&#8220; global_colors_info=&#8220;{}&#8220;]<\/p>\n<h1>DOWNLOADS<\/h1>\n<p>[\/et_pb_text][et_pb_text _builder_version=&#8220;4.16&#8243; link_option_url=&#8220;https:\/\/we.tl\/t-AqfSzp6JPP&#8220; global_colors_info=&#8220;{}&#8220;]<\/p>\n<p><a href=\"https:\/\/we.tl\/t-4sCoYzlboG\" target=\"_blank\" rel=\"noopener noreferrer\"><strong>Filmmaterial <span style=\"text-decoration: underline;\">hier<\/span> herunterladen: Trailer, Pressedossier, Fotos SD, Fotos HD, Poster<\/strong><\/a><\/p>\n<p>[\/et_pb_text][\/et_pb_column][\/et_pb_row][\/et_pb_section][et_pb_section fb_built=&#8220;1&#8243; _builder_version=&#8220;4.16&#8243; global_colors_info=&#8220;{}&#8220;][et_pb_row _builder_version=&#8220;4.16&#8243; global_colors_info=&#8220;{}&#8220;][et_pb_column type=&#8220;4_4&#8243; _builder_version=&#8220;4.16&#8243; global_colors_info=&#8220;{}&#8220;][\/et_pb_column][\/et_pb_row][\/et_pb_section][et_pb_section fb_built=&#8220;1&#8243; _builder_version=&#8220;4.16&#8243; global_colors_info=&#8220;{}&#8220;][et_pb_row _builder_version=&#8220;4.16&#8243; global_colors_info=&#8220;{}&#8220;][et_pb_column type=&#8220;4_4&#8243; _builder_version=&#8220;4.16&#8243; global_colors_info=&#8220;{}&#8220;][\/et_pb_column][\/et_pb_row][\/et_pb_section]<\/p>\n","protected":false},"excerpt":{"rendered":"<p>Der Film begleitet fu\u0308nf kleine Ma\u0308dchen und Jungen wa\u0308hrend ihres ersten Schuljahres in einer Sonderschule der Westschweiz. Sie sind alle mehr oder weniger stark von einer geistigen Behinderung betroffen. Betreut von einem Team ausdauernder Pa\u0308dagogen und Therapeuten, lernen sie, miteinander umzugehen. Nach und nach findet die Klasse vor unseren Augen zusammen, und was zuna\u0308chst unmo\u0308glich schien, wird Wirklichkeit. Die Kinder machen allen Widrigkeiten zum Trotz Fortschritte, zum Erstaunen und zum grossen Glu\u0308ck ihrer Eltern. Humorvoll und za\u0308rtlich, in Freud und Leid, zeigt sich, wie eine kleine Gruppe von Kindern, die nicht so sind wie die andern, das Abenteuer Leben und die Welt entdeckt.<\/p>\n","protected":false},"author":7,"featured_media":20965,"comment_status":"open","ping_status":"open","sticky":false,"template":"","format":"standard","meta":{"_et_pb_use_builder":"on","_et_pb_old_content":"","_et_gb_content_width":"","_jetpack_memberships_contains_paid_content":false,"footnotes":""},"categories":[19],"tags":[30],"yoast_head":"<!-- This site is optimized with the Yoast SEO plugin v22.9 - https:\/\/yoast.com\/wordpress\/plugins\/seo\/ -->\n<title>A l&#039;\u00e9cole des philosophes - Outside the Box<\/title>\n<meta name=\"robots\" content=\"index, follow, max-snippet:-1, max-image-preview:large, max-video-preview:-1\" \/>\n<link rel=\"canonical\" href=\"https:\/\/www.outside-thebox.ch\/de\/a-lecole-des-philosophes\/\" \/>\n<meta property=\"og:locale\" content=\"de_DE\" \/>\n<meta property=\"og:type\" content=\"article\" \/>\n<meta property=\"og:title\" content=\"A l&#039;\u00e9cole des philosophes - Outside the Box\" \/>\n<meta property=\"og:description\" content=\"Der Film begleitet fu\u0308nf kleine Ma\u0308dchen und Jungen wa\u0308hrend ihres ersten Schuljahres in einer Sonderschule der Westschweiz. Sie sind alle mehr oder weniger stark von einer geistigen Behinderung betroffen. Betreut von einem Team ausdauernder Pa\u0308dagogen und Therapeuten, lernen sie, miteinander umzugehen. Nach und nach findet die Klasse vor unseren Augen zusammen, und was zuna\u0308chst unmo\u0308glich schien, wird Wirklichkeit. Die Kinder machen allen Widrigkeiten zum Trotz Fortschritte, zum Erstaunen und zum grossen Glu\u0308ck ihrer Eltern. Humorvoll und za\u0308rtlich, in Freud und Leid, zeigt sich, wie eine kleine Gruppe von Kindern, die nicht so sind wie die andern, das Abenteuer Leben und die Welt entdeckt.\" \/>\n<meta property=\"og:url\" content=\"https:\/\/www.outside-thebox.ch\/de\/a-lecole-des-philosophes\/\" \/>\n<meta property=\"og:site_name\" content=\"Outside the Box\" \/>\n<meta property=\"article:published_time\" content=\"2020-03-13T12:24:31+00:00\" \/>\n<meta property=\"article:modified_time\" content=\"2023-03-28T09:00:29+00:00\" \/>\n<meta property=\"og:image\" content=\"https:\/\/www.outside-thebox.ch\/v2\/wp-content\/uploads\/2023\/03\/EDP_Affiche_SITE.jpeg\" \/>\n\t<meta property=\"og:image:width\" content=\"1792\" \/>\n\t<meta property=\"og:image:height\" content=\"2560\" \/>\n\t<meta property=\"og:image:type\" content=\"image\/jpeg\" \/>\n<meta name=\"author\" content=\"M\u00e9lanie Fontaine\" \/>\n<meta name=\"twitter:card\" content=\"summary_large_image\" \/>\n<meta name=\"twitter:label1\" content=\"Verfasst von\" \/>\n\t<meta name=\"twitter:data1\" content=\"M\u00e9lanie Fontaine\" \/>\n\t<meta name=\"twitter:label2\" content=\"Gesch\u00e4tzte Lesezeit\" \/>\n\t<meta name=\"twitter:data2\" content=\"4\u00a0Minuten\" \/>\n<script type=\"application\/ld+json\" class=\"yoast-schema-graph\">{\"@context\":\"https:\/\/schema.org\",\"@graph\":[{\"@type\":\"WebPage\",\"@id\":\"https:\/\/www.outside-thebox.ch\/de\/a-lecole-des-philosophes\/\",\"url\":\"https:\/\/www.outside-thebox.ch\/de\/a-lecole-des-philosophes\/\",\"name\":\"A l'\u00e9cole des philosophes - Outside the Box\",\"isPartOf\":{\"@id\":\"https:\/\/www.outside-thebox.ch\/de\/#website\"},\"primaryImageOfPage\":{\"@id\":\"https:\/\/www.outside-thebox.ch\/de\/a-lecole-des-philosophes\/#primaryimage\"},\"image\":{\"@id\":\"https:\/\/www.outside-thebox.ch\/de\/a-lecole-des-philosophes\/#primaryimage\"},\"thumbnailUrl\":\"https:\/\/www.outside-thebox.ch\/v2\/wp-content\/uploads\/2023\/03\/EDP_Affiche_SITE.jpeg\",\"datePublished\":\"2020-03-13T12:24:31+00:00\",\"dateModified\":\"2023-03-28T09:00:29+00:00\",\"author\":{\"@id\":\"https:\/\/www.outside-thebox.ch\/de\/#\/schema\/person\/b32488a5de1d021acc95a7571ba36fae\"},\"breadcrumb\":{\"@id\":\"https:\/\/www.outside-thebox.ch\/de\/a-lecole-des-philosophes\/#breadcrumb\"},\"inLanguage\":\"de\",\"potentialAction\":[{\"@type\":\"ReadAction\",\"target\":[\"https:\/\/www.outside-thebox.ch\/de\/a-lecole-des-philosophes\/\"]}]},{\"@type\":\"ImageObject\",\"inLanguage\":\"de\",\"@id\":\"https:\/\/www.outside-thebox.ch\/de\/a-lecole-des-philosophes\/#primaryimage\",\"url\":\"https:\/\/www.outside-thebox.ch\/v2\/wp-content\/uploads\/2023\/03\/EDP_Affiche_SITE.jpeg\",\"contentUrl\":\"https:\/\/www.outside-thebox.ch\/v2\/wp-content\/uploads\/2023\/03\/EDP_Affiche_SITE.jpeg\",\"width\":1792,\"height\":2560},{\"@type\":\"BreadcrumbList\",\"@id\":\"https:\/\/www.outside-thebox.ch\/de\/a-lecole-des-philosophes\/#breadcrumb\",\"itemListElement\":[{\"@type\":\"ListItem\",\"position\":1,\"name\":\"Accueil\",\"item\":\"https:\/\/www.outside-thebox.ch\/de\/\"},{\"@type\":\"ListItem\",\"position\":2,\"name\":\"A l&rsquo;\u00e9cole des philosophes\"}]},{\"@type\":\"WebSite\",\"@id\":\"https:\/\/www.outside-thebox.ch\/de\/#website\",\"url\":\"https:\/\/www.outside-thebox.ch\/de\/\",\"name\":\"Outside the Box\",\"description\":\"Maison de distribution de films\",\"potentialAction\":[{\"@type\":\"SearchAction\",\"target\":{\"@type\":\"EntryPoint\",\"urlTemplate\":\"https:\/\/www.outside-thebox.ch\/de\/?s={search_term_string}\"},\"query-input\":\"required name=search_term_string\"}],\"inLanguage\":\"de\"},{\"@type\":\"Person\",\"@id\":\"https:\/\/www.outside-thebox.ch\/de\/#\/schema\/person\/b32488a5de1d021acc95a7571ba36fae\",\"name\":\"M\u00e9lanie Fontaine\",\"image\":{\"@type\":\"ImageObject\",\"inLanguage\":\"de\",\"@id\":\"https:\/\/www.outside-thebox.ch\/de\/#\/schema\/person\/image\/\",\"url\":\"https:\/\/secure.gravatar.com\/avatar\/6e0835f96f449be5fdb588cc83d1e7d2?s=96&d=mm&r=g\",\"contentUrl\":\"https:\/\/secure.gravatar.com\/avatar\/6e0835f96f449be5fdb588cc83d1e7d2?s=96&d=mm&r=g\",\"caption\":\"M\u00e9lanie Fontaine\"},\"url\":\"https:\/\/www.outside-thebox.ch\/de\/author\/admin_melanie\/\"}]}<\/script>\n<!-- \/ Yoast SEO plugin. -->","yoast_head_json":{"title":"A l'\u00e9cole des philosophes - Outside the Box","robots":{"index":"index","follow":"follow","max-snippet":"max-snippet:-1","max-image-preview":"max-image-preview:large","max-video-preview":"max-video-preview:-1"},"canonical":"https:\/\/www.outside-thebox.ch\/de\/a-lecole-des-philosophes\/","og_locale":"de_DE","og_type":"article","og_title":"A l'\u00e9cole des philosophes - Outside the Box","og_description":"Der Film begleitet fu\u0308nf kleine Ma\u0308dchen und Jungen wa\u0308hrend ihres ersten Schuljahres in einer Sonderschule der Westschweiz. Sie sind alle mehr oder weniger stark von einer geistigen Behinderung betroffen. Betreut von einem Team ausdauernder Pa\u0308dagogen und Therapeuten, lernen sie, miteinander umzugehen. Nach und nach findet die Klasse vor unseren Augen zusammen, und was zuna\u0308chst unmo\u0308glich schien, wird Wirklichkeit. Die Kinder machen allen Widrigkeiten zum Trotz Fortschritte, zum Erstaunen und zum grossen Glu\u0308ck ihrer Eltern. Humorvoll und za\u0308rtlich, in Freud und Leid, zeigt sich, wie eine kleine Gruppe von Kindern, die nicht so sind wie die andern, das Abenteuer Leben und die Welt entdeckt.","og_url":"https:\/\/www.outside-thebox.ch\/de\/a-lecole-des-philosophes\/","og_site_name":"Outside the Box","article_published_time":"2020-03-13T12:24:31+00:00","article_modified_time":"2023-03-28T09:00:29+00:00","og_image":[{"width":1792,"height":2560,"url":"https:\/\/www.outside-thebox.ch\/v2\/wp-content\/uploads\/2023\/03\/EDP_Affiche_SITE.jpeg","type":"image\/jpeg"}],"author":"M\u00e9lanie Fontaine","twitter_card":"summary_large_image","twitter_misc":{"Verfasst von":"M\u00e9lanie Fontaine","Gesch\u00e4tzte Lesezeit":"4\u00a0Minuten"},"schema":{"@context":"https:\/\/schema.org","@graph":[{"@type":"WebPage","@id":"https:\/\/www.outside-thebox.ch\/de\/a-lecole-des-philosophes\/","url":"https:\/\/www.outside-thebox.ch\/de\/a-lecole-des-philosophes\/","name":"A l'\u00e9cole des philosophes - Outside the Box","isPartOf":{"@id":"https:\/\/www.outside-thebox.ch\/de\/#website"},"primaryImageOfPage":{"@id":"https:\/\/www.outside-thebox.ch\/de\/a-lecole-des-philosophes\/#primaryimage"},"image":{"@id":"https:\/\/www.outside-thebox.ch\/de\/a-lecole-des-philosophes\/#primaryimage"},"thumbnailUrl":"https:\/\/www.outside-thebox.ch\/v2\/wp-content\/uploads\/2023\/03\/EDP_Affiche_SITE.jpeg","datePublished":"2020-03-13T12:24:31+00:00","dateModified":"2023-03-28T09:00:29+00:00","author":{"@id":"https:\/\/www.outside-thebox.ch\/de\/#\/schema\/person\/b32488a5de1d021acc95a7571ba36fae"},"breadcrumb":{"@id":"https:\/\/www.outside-thebox.ch\/de\/a-lecole-des-philosophes\/#breadcrumb"},"inLanguage":"de","potentialAction":[{"@type":"ReadAction","target":["https:\/\/www.outside-thebox.ch\/de\/a-lecole-des-philosophes\/"]}]},{"@type":"ImageObject","inLanguage":"de","@id":"https:\/\/www.outside-thebox.ch\/de\/a-lecole-des-philosophes\/#primaryimage","url":"https:\/\/www.outside-thebox.ch\/v2\/wp-content\/uploads\/2023\/03\/EDP_Affiche_SITE.jpeg","contentUrl":"https:\/\/www.outside-thebox.ch\/v2\/wp-content\/uploads\/2023\/03\/EDP_Affiche_SITE.jpeg","width":1792,"height":2560},{"@type":"BreadcrumbList","@id":"https:\/\/www.outside-thebox.ch\/de\/a-lecole-des-philosophes\/#breadcrumb","itemListElement":[{"@type":"ListItem","position":1,"name":"Accueil","item":"https:\/\/www.outside-thebox.ch\/de\/"},{"@type":"ListItem","position":2,"name":"A l&rsquo;\u00e9cole des philosophes"}]},{"@type":"WebSite","@id":"https:\/\/www.outside-thebox.ch\/de\/#website","url":"https:\/\/www.outside-thebox.ch\/de\/","name":"Outside the Box","description":"Maison de distribution de films","potentialAction":[{"@type":"SearchAction","target":{"@type":"EntryPoint","urlTemplate":"https:\/\/www.outside-thebox.ch\/de\/?s={search_term_string}"},"query-input":"required name=search_term_string"}],"inLanguage":"de"},{"@type":"Person","@id":"https:\/\/www.outside-thebox.ch\/de\/#\/schema\/person\/b32488a5de1d021acc95a7571ba36fae","name":"M\u00e9lanie Fontaine","image":{"@type":"ImageObject","inLanguage":"de","@id":"https:\/\/www.outside-thebox.ch\/de\/#\/schema\/person\/image\/","url":"https:\/\/secure.gravatar.com\/avatar\/6e0835f96f449be5fdb588cc83d1e7d2?s=96&d=mm&r=g","contentUrl":"https:\/\/secure.gravatar.com\/avatar\/6e0835f96f449be5fdb588cc83d1e7d2?s=96&d=mm&r=g","caption":"M\u00e9lanie Fontaine"},"url":"https:\/\/www.outside-thebox.ch\/de\/author\/admin_melanie\/"}]}},"jetpack_sharing_enabled":true,"jetpack_featured_media_url":"https:\/\/www.outside-thebox.ch\/v2\/wp-content\/uploads\/2023\/03\/EDP_Affiche_SITE.jpeg","_links":{"self":[{"href":"https:\/\/www.outside-thebox.ch\/de\/wp-json\/wp\/v2\/posts\/2513"}],"collection":[{"href":"https:\/\/www.outside-thebox.ch\/de\/wp-json\/wp\/v2\/posts"}],"about":[{"href":"https:\/\/www.outside-thebox.ch\/de\/wp-json\/wp\/v2\/types\/post"}],"author":[{"embeddable":true,"href":"https:\/\/www.outside-thebox.ch\/de\/wp-json\/wp\/v2\/users\/7"}],"replies":[{"embeddable":true,"href":"https:\/\/www.outside-thebox.ch\/de\/wp-json\/wp\/v2\/comments?post=2513"}],"version-history":[{"count":29,"href":"https:\/\/www.outside-thebox.ch\/de\/wp-json\/wp\/v2\/posts\/2513\/revisions"}],"predecessor-version":[{"id":20975,"href":"https:\/\/www.outside-thebox.ch\/de\/wp-json\/wp\/v2\/posts\/2513\/revisions\/20975"}],"wp:featuredmedia":[{"embeddable":true,"href":"https:\/\/www.outside-thebox.ch\/de\/wp-json\/wp\/v2\/media\/20965"}],"wp:attachment":[{"href":"https:\/\/www.outside-thebox.ch\/de\/wp-json\/wp\/v2\/media?parent=2513"}],"wp:term":[{"taxonomy":"category","embeddable":true,"href":"https:\/\/www.outside-thebox.ch\/de\/wp-json\/wp\/v2\/categories?post=2513"},{"taxonomy":"post_tag","embeddable":true,"href":"https:\/\/www.outside-thebox.ch\/de\/wp-json\/wp\/v2\/tags?post=2513"}],"curies":[{"name":"wp","href":"https:\/\/api.w.org\/{rel}","templated":true}]}}