{"id":29916,"date":"2025-10-13T16:41:40","date_gmt":"2025-10-13T14:41:40","guid":{"rendered":"https:\/\/www.outside-thebox.ch\/?p=29916"},"modified":"2026-01-28T11:32:42","modified_gmt":"2026-01-28T10:32:42","slug":"silent-rebellion-a-bras-le-corps","status":"publish","type":"post","link":"https:\/\/www.outside-thebox.ch\/de\/silent-rebellion-a-bras-le-corps\/","title":{"rendered":"Silent Rebellion (\u00c0 bras-le-corps)"},"content":{"rendered":"<p>[et_pb_section fb_built=&#8220;1&#8243; _builder_version=&#8220;4.16&#8243; global_colors_info=&#8220;{}&#8220;][et_pb_row module_id=&#8220;FILMS_CUSTOM_TITLE&#8220; _builder_version=&#8220;4.16&#8243; custom_padding=&#8220;||23px|||&#8220; global_colors_info=&#8220;{}&#8220;][et_pb_column type=&#8220;4_4&#8243; _builder_version=&#8220;4.16&#8243; global_colors_info=&#8220;{}&#8220;][et_pb_text _builder_version=&#8220;4.20.4&#8243; header_2_font=&#8220;|800||on|||||&#8220; header_2_font_size=&#8220;30px&#8220; custom_padding=&#8220;||24px|||&#8220; global_colors_info=&#8220;{}&#8220;]<\/p>\n<h2>SILENT REBELLION (\u00c0 BRAS-LE-CORPS), <span>ein Film von Marie-Elsa Sgualdo<\/span><\/h2>\n<p>[\/et_pb_text][\/et_pb_column][\/et_pb_row][\/et_pb_section][et_pb_section fb_built=&#8220;1&#8243; module_class=&#8220;FILMS_AV_LAYOUT0&#8243; _builder_version=&#8220;4.16&#8243; custom_padding=&#8220;2px||0px|||&#8220; global_colors_info=&#8220;{}&#8220;][et_pb_row module_class=&#8220;FILMS_AV_LAYOUT0&#8243; _builder_version=&#8220;4.20.4&#8243; custom_margin=&#8220;-82px|auto||auto||&#8220; custom_padding=&#8220;||3px|||&#8220; global_colors_info=&#8220;{}&#8220;][et_pb_column type=&#8220;4_4&#8243; _builder_version=&#8220;4.16&#8243; global_colors_info=&#8220;{}&#8220;][et_pb_video_slider show_image_overlay=&#8220;on&#8220; show_thumbnails=&#8220;off&#8220; play_icon_color=&#8220;#ffffff&#8220; use_icon_font_size=&#8220;on&#8220; show_image_overlay_tablet=&#8220;on&#8220; show_image_overlay_phone=&#8220;on&#8220; show_image_overlay_last_edited=&#8220;on|desktop&#8220; disabled_on=&#8220;off|off|off&#8220; module_class=&#8220;custom-slider&#8220; _builder_version=&#8220;4.20.4&#8243; background_enable_image=&#8220;off&#8220; transform_translate=&#8220;1px|4px&#8220; custom_padding=&#8220;50px|||||&#8220; global_colors_info=&#8220;{}&#8220;][et_pb_video_slider_item src=&#8220;https:\/\/youtu.be\/J53Kk0Vq2zo&#8220; image_src=&#8220;https:\/\/www.outside-thebox.ch\/v2\/wp-content\/uploads\/2025\/10\/ablc-main-image-web.jpg&#8220; _builder_version=&#8220;4.20.4&#8243; _module_preset=&#8220;default&#8220; global_colors_info=&#8220;{}&#8220; show_image_overlay=&#8220;on&#8220;][\/et_pb_video_slider_item][\/et_pb_video_slider][\/et_pb_column][\/et_pb_row][\/et_pb_section][et_pb_section fb_built=&#8220;1&#8243; module_class=&#8220;FILMS_AV_LAYOUT1&#8243; _builder_version=&#8220;4.16&#8243; custom_padding=&#8220;4px|||||&#8220; global_colors_info=&#8220;{}&#8220;][et_pb_row column_structure=&#8220;1_3,2_3&#8243; _builder_version=&#8220;4.20.4&#8243; custom_padding=&#8220;||0px|||&#8220; global_colors_info=&#8220;{}&#8220;][et_pb_column type=&#8220;1_3&#8243; _builder_version=&#8220;4.16&#8243; global_colors_info=&#8220;{}&#8220;][et_pb_image src=&#8220;https:\/\/www.outside-thebox.ch\/v2\/wp-content\/uploads\/2025\/10\/ABLC_B1_OTB_DE_WEB_light-scaled.jpg&#8220; title_text=&#8220;ABLC_B1_OTB_DE_WEB_light&#8220; admin_label=&#8220;Image&#8220; _builder_version=&#8220;4.20.4&#8243; transform_scale_tablet=&#8220;&#8220; transform_scale_phone=&#8220;&#8220; transform_scale_last_edited=&#8220;on|tablet&#8220; transform_translate_tablet=&#8220;&#8220; transform_translate_phone=&#8220;&#8220; transform_translate_last_edited=&#8220;on|tablet&#8220; transform_rotate_tablet=&#8220;&#8220; transform_rotate_phone=&#8220;&#8220; transform_rotate_last_edited=&#8220;on|tablet&#8220; transform_skew_tablet=&#8220;&#8220; transform_skew_phone=&#8220;&#8220; transform_skew_last_edited=&#8220;on|tablet&#8220; transform_origin_tablet=&#8220;&#8220; transform_origin_phone=&#8220;&#8220; transform_origin_last_edited=&#8220;on|tablet&#8220; transform_styles_last_edited=&#8220;on|tablet&#8220; vertical_offset=&#8220;0px&#8220; horizontal_offset=&#8220;0px&#8220; position_origin_a_tablet=&#8220;&#8220; position_origin_a_phone=&#8220;&#8220; position_origin_a_last_edited=&#8220;on|phone&#8220; position_origin_f_tablet=&#8220;&#8220; position_origin_f_phone=&#8220;&#8220; position_origin_f_last_edited=&#8220;on|phone&#8220; position_origin_r_tablet=&#8220;&#8220; position_origin_r_phone=&#8220;&#8220; position_origin_r_last_edited=&#8220;on|phone&#8220; width=&#8220;100%&#8220; width_tablet=&#8220;35vw&#8220; width_phone=&#8220;80vw&#8220; width_last_edited=&#8220;on|phone&#8220; custom_margin=&#8220;|-2px||||&#8220; custom_margin_tablet=&#8220;|||0px|false|false&#8220; custom_margin_phone=&#8220;&#8220; custom_margin_last_edited=&#8220;on|phone&#8220; custom_padding=&#8220;|0px|||false|false&#8220; custom_padding_tablet=&#8220;|0px|||false|false&#8220; custom_padding_phone=&#8220;&#8220; custom_padding_last_edited=&#8220;on|desktop&#8220; animation_style=&#8220;fade&#8220; transform_styles_tablet=&#8220;&#8220; transform_styles_phone=&#8220;&#8220; positioning_tablet=&#8220;relative&#8220; positioning_phone=&#8220;&#8220; positioning_last_edited=&#8220;on|tablet&#8220; module_alignment_tablet=&#8220;&#8220; module_alignment_phone=&#8220;left&#8220; module_alignment_last_edited=&#8220;on|tablet&#8220; global_colors_info=&#8220;{}&#8220;][\/et_pb_image][\/et_pb_column][et_pb_column type=&#8220;2_3&#8243; _builder_version=&#8220;4.16&#8243; global_colors_info=&#8220;{}&#8220;][et_pb_text _builder_version=&#8220;4.20.4&#8243; header_font=&#8220;|800||on|||||&#8220; width=&#8220;114.7%&#8220; width_tablet=&#8220;&#8220; width_phone=&#8220;&#8220; width_last_edited=&#8220;on|phone&#8220; custom_margin=&#8220;|||-3vw|false|false&#8220; custom_margin_tablet=&#8220;|||0vw|false|false&#8220; custom_margin_phone=&#8220;|||0vw|false|false&#8220; custom_margin_last_edited=&#8220;on|tablet&#8220; custom_padding=&#8220;|10px|17px||false|false&#8220; hover_enabled=&#8220;0&#8243; global_colors_info=&#8220;{}&#8220; sticky_enabled=&#8220;0&#8243;]<\/p>\n<h1>Ab 29. Januar im Kino<\/h1>\n<p>[\/et_pb_text][et_pb_text _builder_version=&#8220;4.20.4&#8243; width=&#8220;114.7%&#8220; width_tablet=&#8220;&#8220; width_phone=&#8220;&#8220; width_last_edited=&#8220;on|phone&#8220; custom_margin=&#8220;-49px|0px|-61px|-3vw|false|false&#8220; custom_margin_tablet=&#8220;|||0vw|false|false&#8220; custom_margin_phone=&#8220;|||0vw|false|false&#8220; custom_margin_last_edited=&#8220;on|tablet&#8220; custom_padding=&#8220;9px|0px|0px||false|false&#8220; global_colors_info=&#8220;{}&#8220;]<\/p>\n<p style=\"text-align: justify;\">2025<br \/>Schweiz, Belgien, Frankreich<br \/>96 Minuten<br \/>OV Franz\u00f6sisch \u2013 deutsche Untertiteln<\/p>\n<p>&nbsp;<\/p>\n<section class=\"intro\">\n<div class=\"container-outer\">\n<div class=\"container-fluid\">\n<div class=\"row\">\n<div class=\" col-xl-5\">\n<div class=\"col-sm-8 col-md-7 col-lg-6 col-lg-offset-1\">\n<div class=\"film-content\">\n<div id=\"tab-fr\" class=\"tab-content current\">\n<section class=\"intro\">\n<div class=\"container-outer\">\n<div class=\"container-fluid\">\n<div class=\"row\">\n<div class=\" col-xl-5\">\n<div>Schweizer Jura, 1943<\/div>\n<div>Die junge Emma hat Gl\u00fcck. Sie lebt bei der Pfarrersfamilie des Dorfes und lernt beim Pfarrer lesen und schreiben. Gerade eben hat sie den Tugendpreis gewonnen, der ihr eine Ausbildung in der Stadt erm\u00f6glicht. Dieses scheinbare Gl\u00fcck nimmt ein j\u00e4hes Ende, als sie von einem Freund der Familie vergewaltigt wird. In der Enge des protestantischen Dorfes bedeutet dies Schande, Schuld und soziale \u00c4chtung. Doch Emma weigert sich, ihr Schicksal von den Zw\u00e4ngen der Gemeinschaft bestimmen zu lassen. Eine arrangierte Ehe und die neue Familie verl\u00e4sst sie und zieht in die Stadt, um hier mit ihrem Kind eine selbstbestimmte Zukunft aufzubauen.<\/div>\n<div>W\u00e4hrend an der Grenze der Krieg tobt, k\u00e4mpft sie gegen die Scham und die Erwartungen der anderen, um sich den Weg in die Freiheit zu bahnen.<\/div>\n<div>\u00a0<\/div>\n<div>\u00a0<\/div>\n<div><em>\u201eSilent Rebellion\u201c ist ein Liebesbrief an die Frauen meiner Familie\u00a0<\/em><em>\u2013 und an unz\u00e4hlige andere \u2013, die unsichtbare K\u00e4mpfe um Selbstbestimmung gef\u00fchrt haben. Emmas Geschichte ist keine triumphale, sondern eine \u00fcber den Preis, den man f\u00fcr eigene Entscheidungen zahlt.<\/em><\/div>\n<p><strong>Marie-Elsa Sgualdo<\/strong><\/p>\n<\/div>\n<\/div>\n<\/div>\n<\/div>\n<\/section>\n<\/div>\n<\/div>\n<\/div>\n<\/div>\n<\/div>\n<\/div>\n<\/div>\n<\/section>\n<section>\n<div class=\"container-outer\">\n<div class=\"container-fluid\">\n<div class=\"row\">\n<div class=\"col-xl-5 offset-xl-5\">\u00a0<\/div>\n<\/div>\n<\/div>\n<\/div>\n<\/section>\n<p>[\/et_pb_text][\/et_pb_column][\/et_pb_row][\/et_pb_section][et_pb_section fb_built=&#8220;1&#8243; module_class=&#8220;FILMS_AV_LAYOUT2&#8243; _builder_version=&#8220;4.16&#8243; background_color=&#8220;rgba(90,182,221,0.28)&#8220; min_height=&#8220;226.8px&#8220; custom_margin=&#8220;50px||||false|false&#8220; custom_padding=&#8220;0px|||||&#8220; global_colors_info=&#8220;{}&#8220;][et_pb_row column_structure=&#8220;1_2,1_2&#8243; _builder_version=&#8220;4.17.6&#8243; min_height=&#8220;159px&#8220; custom_margin=&#8220;|auto|-6px|auto||&#8220; custom_padding=&#8220;||2px|||&#8220; animation_style=&#8220;fade&#8220; global_colors_info=&#8220;{}&#8220;][et_pb_column type=&#8220;1_2&#8243; _builder_version=&#8220;4.16&#8243; global_colors_info=&#8220;{}&#8220;][et_pb_text disabled_on=&#8220;off|off|off&#8220; _builder_version=&#8220;4.20.4&#8243; header_font=&#8220;|800||on|||||&#8220; header_2_font=&#8220;|800||on|||||&#8220; header_3_font_size=&#8220;23px&#8220; custom_margin=&#8220;||21px|||&#8220; custom_padding=&#8220;1px|||||&#8220; global_colors_info=&#8220;{}&#8220;]<\/p>\n<h1 class=\"p1\">GENERATIONENTICKET<\/h1>\n<p>Mit dem Generationenticket kommen zwei oder drei Generationen verg\u00fcnstigt gemeinsam ins Kino.<\/p>\n<p>Zwei Generationen bezahlen CHF 20.\u2013, drei Generationen CHF 30.\u2013.<\/p>\n<p>Wenn Sie ein Generationenticket beziehen m\u00f6chten, dann schreiben Sie eine Mail an <a href=\"mailto:rebellion@outside-thebox.ch.\"><strong>rebellion@outside-thebox.ch<\/strong>.<\/a><\/p>\n<p><em><\/em><\/p>\n<p>[\/et_pb_text][et_pb_text disabled_on=&#8220;off|off|off&#8220; _builder_version=&#8220;4.20.4&#8243; header_font=&#8220;|800||on|||||&#8220; header_2_font=&#8220;|800||on|||||&#8220; header_3_font_size=&#8220;23px&#8220; custom_margin=&#8220;||21px|||&#8220; custom_padding=&#8220;1px|||||&#8220; global_colors_info=&#8220;{}&#8220;]<\/p>\n<h1 class=\"p1\">VORPREMIEREN<\/h1>\n<p><em>In Anwesenheit der Regisseurin Marie-Elsa Sgualdo<\/em><\/p>\n<p>&nbsp;<\/p>\n<ul>\n<li><strong>Z\u00fcrich, Kino Riffraff<\/strong> \u2013 Sonntag 25. Januar, 18:40<\/li>\n<li><b>Biel, Rex <\/b>\u2013 Montag 26. Januar, 18:00<\/li>\n<li><strong>Bern, Quinnie<\/strong> \u2013 Montag 26. Januar, 20:00<\/li>\n<li><strong>St. Gallen, Kinok<\/strong> \u2013 Dienstag 27. Januar, 20:00<\/li>\n<li><strong>Luzern, Bourbaki<\/strong> \u2013 Mittwoch 28. Januar, 18:00<\/li>\n<li><strong>Basel, Stadtkino<\/strong> \u2013 Donnerstag 29. Januar, 18:30<\/li>\n<li><strong>Winterthur, Cameo<\/strong> \u2013 Freitag 30. Januar, 20:00<\/li>\n<li><strong>Z\u00fcrich, Kino Riffraff<\/strong> \u2013 Sonntag 3. Februar, 18:00<br \/><em>Spezialvorstellung mit der Paulus Akademie und Reformierte Kirche Z\u00fcrich<\/em><\/li>\n<\/ul>\n<p>[\/et_pb_text][\/et_pb_column][et_pb_column type=&#8220;1_2&#8243; _builder_version=&#8220;4.16&#8243; global_colors_info=&#8220;{}&#8220;][et_pb_text disabled_on=&#8220;off|off|off&#8220; _builder_version=&#8220;4.20.4&#8243; header_font=&#8220;|800||on|||||&#8220; header_2_font=&#8220;|800||on|||||&#8220; header_3_font_size=&#8220;23px&#8220; custom_margin=&#8220;||21px|||&#8220; custom_padding=&#8220;1px|||||&#8220; global_colors_info=&#8220;{}&#8220;]<\/p>\n<h1 class=\"p1\">Preise &amp; Festivals<\/h1>\n<ul>\n<li>Mostra von Venedig 2025 &#8211; Official Selection<\/li>\n<li>Cairo International Film Festival<\/li>\n<li>San Diego International Film Festival 2025 \u2013 Competition<\/li>\n<li>Mostra Internacional de Cinema em S\u00e3o Paulo \u2013 Competition<\/li>\n<li>AFI Fest Los Angeles<\/li>\n<\/ul>\n<p>[\/et_pb_text][\/et_pb_column][\/et_pb_row][\/et_pb_section][et_pb_section fb_built=&#8220;1&#8243; module_class=&#8220;FILMS_AV_LAYOUT3&#8243; _builder_version=&#8220;4.16&#8243; custom_margin=&#8220;-17px|||||&#8220; global_colors_info=&#8220;{}&#8220;][et_pb_row column_structure=&#8220;1_2,1_2&#8243; _builder_version=&#8220;4.16&#8243; min_height=&#8220;734.9px&#8220; global_colors_info=&#8220;{}&#8220;][et_pb_column type=&#8220;1_2&#8243; _builder_version=&#8220;4.16&#8243; global_colors_info=&#8220;{}&#8220;][et_pb_image src=&#8220;https:\/\/www.outside-thebox.ch\/v2\/wp-content\/uploads\/2025\/10\/ablc-stills-web-5-scaled.jpeg&#8220; title_text=&#8220;ablc-stills-web-5&#8243; show_in_lightbox=&#8220;on&#8220; _builder_version=&#8220;4.20.4&#8243; _dynamic_attributes=&#8220;url&#8220; global_colors_info=&#8220;{}&#8220;][\/et_pb_image][et_pb_image src=&#8220;https:\/\/www.outside-thebox.ch\/v2\/wp-content\/uploads\/2025\/10\/ablc-stills-web-4.jpeg&#8220; title_text=&#8220;ablc-stills-web-4&#8243; show_in_lightbox=&#8220;on&#8220; _builder_version=&#8220;4.20.4&#8243; _dynamic_attributes=&#8220;url&#8220; global_colors_info=&#8220;{}&#8220;][\/et_pb_image][\/et_pb_column][et_pb_column type=&#8220;1_2&#8243; _builder_version=&#8220;4.16&#8243; _module_preset=&#8220;default&#8220; global_colors_info=&#8220;{}&#8220;][et_pb_image src=&#8220;https:\/\/www.outside-thebox.ch\/v2\/wp-content\/uploads\/2025\/10\/ablc-stills-web-3-scaled.jpeg&#8220; title_text=&#8220;ablc-stills-web-3&#8243; show_in_lightbox=&#8220;on&#8220; _builder_version=&#8220;4.20.4&#8243; _dynamic_attributes=&#8220;url&#8220; global_colors_info=&#8220;{}&#8220;][\/et_pb_image][et_pb_image src=&#8220;https:\/\/www.outside-thebox.ch\/v2\/wp-content\/uploads\/2025\/10\/ablc-stills-web-6-scaled.jpeg&#8220; title_text=&#8220;ablc-stills-web-6&#8243; show_in_lightbox=&#8220;on&#8220; _builder_version=&#8220;4.20.4&#8243; _dynamic_attributes=&#8220;url&#8220; global_colors_info=&#8220;{}&#8220;][\/et_pb_image][\/et_pb_column][\/et_pb_row][\/et_pb_section][et_pb_section fb_built=&#8220;1&#8243; module_class=&#8220;FILMS_AV_LAYOUT4&#8243; _builder_version=&#8220;4.16&#8243; custom_padding=&#8220;0px||3px|||&#8220; global_colors_info=&#8220;{}&#8220;][et_pb_row column_structure=&#8220;1_3,1_3,1_3&#8243; _builder_version=&#8220;4.16&#8243; custom_padding=&#8220;7px|||||&#8220; global_colors_info=&#8220;{}&#8220;][et_pb_column type=&#8220;1_3&#8243; _builder_version=&#8220;4.16&#8243; global_colors_info=&#8220;{}&#8220;][et_pb_text admin_label=&#8220;Texte&#8220; _builder_version=&#8220;4.20.4&#8243; header_font=&#8220;|800||on|||||&#8220; header_2_font=&#8220;|800||on|||||&#8220; global_colors_info=&#8220;{}&#8220;]<\/p>\n<h1>CAST &amp; CREW<\/h1>\n<p>[\/et_pb_text][et_pb_text _builder_version=&#8220;4.20.4&#8243; min_height=&#8220;184px&#8220; global_colors_info=&#8220;{}&#8220;]<\/p>\n<div id=\"postexcerpt\" class=\"postbox first-visible\">\n<div class=\"inside\">\n<div class=\"page\" title=\"Page 18\">\n<div class=\"section\">\n<div class=\"layoutArea\">\n<div class=\"column\">\n<p><strong>Mit<br \/><\/strong>Lila Gueneau<br \/>Gr\u00e9goire Colin<br \/>Thomas Doret<br \/>Aur\u00e9lia Petit<br \/>Sandrine Blancke<br \/>Sasha Gravat<br \/>Cyril Metzger<\/p>\n<p><strong>Drehbuch<br \/><\/strong>Nadine Lamari<br \/>Marie-Elsa Sgualdo<\/p>\n<p><strong>Regie<br \/><\/strong>Marie-Elsa Sgualdo<\/p>\n<p><strong>Kamera<br \/><\/strong>Benoit Dervaux<\/p>\n<p><strong>Montage<br \/><\/strong>Karine Sudan<\/p>\n<p><strong>Ton<br \/><\/strong>Xavier Lavorel<\/p>\n<p><strong>Tonmischung<br \/><\/strong>Henry Sims<br \/>Xavier Lavorel<br \/>Franco Piscopo<\/p>\n<p><strong>Dekor<br \/><\/strong>Sara B. Weingart<\/p>\n<p><strong>Kost\u00fcme<br \/><\/strong>Genevi\u00e8ve Maulini<\/p>\n<\/div>\n<\/div>\n<\/div>\n<\/div>\n<\/div>\n<\/div>\n<p>[\/et_pb_text][\/et_pb_column][et_pb_column type=&#8220;1_3&#8243; _builder_version=&#8220;4.16&#8243; _module_preset=&#8220;default&#8220; global_colors_info=&#8220;{}&#8220;][et_pb_text disabled_on=&#8220;off|off|off&#8220; _builder_version=&#8220;4.20.4&#8243; header_font=&#8220;|800||on|||||&#8220; header_2_font=&#8220;|800||on|||||&#8220; custom_padding=&#8220;0px|||||&#8220; global_colors_info=&#8220;{}&#8220;]<\/p>\n<h1><span style=\"color: #ffffff;\">CasT &amp; CREW<\/span><\/h1>\n<p>[\/et_pb_text][et_pb_text _builder_version=&#8220;4.20.4&#8243; min_height=&#8220;307.8px&#8220; global_colors_info=&#8220;{}&#8220;]<\/p>\n<div id=\"postexcerpt\" class=\"postbox first-visible\">\n<div class=\"inside\">\n<div class=\"page\" title=\"Page 18\">\n<div class=\"section\">\n<div class=\"layoutArea\">\n<div class=\"column\">\n<div class=\"column\">\n<p><strong>Produziert von<br \/><\/strong>Elena Tatti<br \/>Nicolas Wittwer<\/p>\n<p><strong>Produktion<br \/><\/strong>Box Productions<\/p>\n<p><strong>Koproduction<br \/><\/strong>H\u00e9licotronc<br \/>Offshore<span class=\"Apple-converted-space\"><br \/>RTS Radio T\u00e9l\u00e9vision Suisse<\/span><\/p>\n<p><strong>Schweizer Verleih<br \/><\/strong>Outside the Box<\/p>\n<\/div>\n<\/div>\n<\/div>\n<\/div>\n<\/div>\n<\/div>\n<\/div>\n<p>[\/et_pb_text][\/et_pb_column][et_pb_column type=&#8220;1_3&#8243; _builder_version=&#8220;4.16&#8243; global_colors_info=&#8220;{}&#8220;][et_pb_text disabled_on=&#8220;off|off|off&#8220; _builder_version=&#8220;4.20.4&#8243; header_font=&#8220;|800||on|||||&#8220; header_2_font=&#8220;|800||on|||||&#8220; global_colors_info=&#8220;{}&#8220;]<\/p>\n<h1>DOWNLOADS<\/h1>\n<p>[\/et_pb_text][et_pb_text disabled_on=&#8220;off|off|off&#8220; _builder_version=&#8220;4.20.4&#8243; text_text_color=&#8220;#000000&#8243; link_text_color=&#8220;#000000&#8243; global_colors_info=&#8220;{}&#8220;]<\/p>\n<p><b>Laden Sie hier das Filmmaterial herunter:<\/b><\/p>\n<p><span style=\"text-decoration: underline;\"><a href=\"https:\/\/player.vimeo.com\/progressive_redirect\/download\/1126856705\/rendition\/1080p\/silent_rebellion_%28%C3%80_bras-le-corps%29,_ein_film_von_marie-elsa_sgualdo_%E2%80%93_trailer%20%281080p%29.mp4?loc=external&amp;signature=fa6dc74adbe3376b7da1d80a7289c57256f70947111509acebc1e7f9df45f7b3\" target=\"_blank\" rel=\"noopener\">Trailer<\/a><\/span><br \/><span style=\"text-decoration: underline;\"><a href=\"https:\/\/www.dropbox.com\/scl\/fo\/yr84iub272kacihz7dvy9\/AMP6JebelzdmyXE56ROvemc?rlkey=wyoruamr3adqnqe5t4k7d9kzh&amp;st=kg6pxzwe&amp;dl=0\" target=\"_blank\" rel=\"noopener\">Trailer DCP<\/a><\/span><br \/><span style=\"text-decoration: underline;\"><a href=\"https:\/\/www.outside-thebox.ch\/v2\/wp-content\/uploads\/2025\/10\/ABLC_B1_OTB_DE_WEB_light-scaled.jpg\" target=\"_blank\" rel=\"noopener\">Plakat<\/a><\/span><br \/><span style=\"text-decoration: underline;\"><a href=\"https:\/\/www.outside-thebox.ch\/v2\/wp-content\/uploads\/2026\/01\/ABLC_Flyer_DE_WEB.pdf\" target=\"_blank\" rel=\"noopener\">Flyer<\/a><\/span><br \/><span style=\"text-decoration: underline;\"><a href=\"https:\/\/www.dropbox.com\/scl\/fo\/rqe0v04taak6wr1ke7ywg\/AJRo98uiTQLwxxg9PkPLUeU?rlkey=mnu5u4e4a4nqn3wb70md9077o&amp;st=flcut4kv&amp;dl=0\" target=\"_blank\" rel=\"noopener\">Stills jpeg<\/a><\/span><br \/><span style=\"text-decoration: underline;\"><a href=\"https:\/\/www.dropbox.com\/scl\/fo\/lpfcmzd2brtoqzax5570h\/AD71B6wUsK7XXLQX05zMJgM?rlkey=zxn0uwkp2oxquhhznqfbgdqyw&amp;st=mf5d2d9o&amp;dl=0\" target=\"_blank\" rel=\"noopener\">Stills tiff<\/a><\/span><br \/><span style=\"text-decoration: underline;\"><a href=\"https:\/\/www.outside-thebox.ch\/v2\/wp-content\/uploads\/2025\/10\/SilentRebellion_EPK_web.pdf\" target=\"_blank\" rel=\"noopener\">Pressedossier (ENG)<\/a><\/span><br \/><span style=\"text-decoration: underline;\"><a href=\"https:\/\/www.dropbox.com\/scl\/fo\/lmlom9nqdujxolpux3lzz\/AF_O4TZ0jRSkflXXwgi9zEo?rlkey=5pe25sc7tp09p35cp9ss7t1qu&amp;st=wjrelz1f&amp;dl=0\" target=\"_blank\" rel=\"noopener\">Social Media<\/a><\/span><\/p>\n<p>[\/et_pb_text][\/et_pb_column][\/et_pb_row][\/et_pb_section][et_pb_section fb_built=&#8220;1&#8243; _builder_version=&#8220;4.20.4&#8243; _module_preset=&#8220;default&#8220; global_colors_info=&#8220;{}&#8220;][et_pb_row _builder_version=&#8220;4.20.4&#8243; _module_preset=&#8220;default&#8220; global_colors_info=&#8220;{}&#8220;][et_pb_column type=&#8220;4_4&#8243; _builder_version=&#8220;4.20.4&#8243; _module_preset=&#8220;default&#8220; global_colors_info=&#8220;{}&#8220;][\/et_pb_column][\/et_pb_row][\/et_pb_section][et_pb_section fb_built=&#8220;1&#8243; _builder_version=&#8220;4.20.4&#8243; _module_preset=&#8220;default&#8220; global_colors_info=&#8220;{}&#8220;][\/et_pb_section]<\/p>\n","protected":false},"excerpt":{"rendered":"<p>AM 29. JANUAR IM KINO<\/p>\n<p>Die 15-j\u00e4hrige Emma, die nach einer Vergewaltigung schwanger ist, fordert ihre protestantische und repressive l\u00e4ndliche Gemeinschaft heraus, um sich einen Weg zur Selbstbestimmung zu bahnen. Indem sie das Trauma in einen Katalysator der Emanzipation verwandelt, stellt sie sich der moralischen Heuchelei des Dorfes und dem Gespenst des Zweiten Weltkriegs, das sie umgibt.<\/p>\n","protected":false},"author":8,"featured_media":30042,"comment_status":"open","ping_status":"open","sticky":false,"template":"","format":"standard","meta":{"_et_pb_use_builder":"on","_et_pb_old_content":"<p>[et_pb_section fb_built=\"1\" _builder_version=\"4.16\" global_colors_info=\"{}\"][et_pb_row module_id=\"FILMS_CUSTOM_TITLE\" _builder_version=\"4.16\" custom_padding=\"||23px|||\" global_colors_info=\"{}\"][et_pb_column type=\"4_4\" _builder_version=\"4.16\" global_colors_info=\"{}\"][et_pb_text _builder_version=\"4.20.4\" header_2_font=\"|800||on|||||\" header_2_font_size=\"30px\" custom_padding=\"||24px|||\" hover_enabled=\"0\" global_colors_info=\"{}\" sticky_enabled=\"0\"]<\/p><h2>\u00c0 BRAS-LE-CORPS, un film de Marie-Elsa Sgualdo<\/h2><p>[\/et_pb_text][\/et_pb_column][\/et_pb_row][\/et_pb_section][et_pb_section fb_built=\"1\" module_class=\"FILMS_AV_LAYOUT0\" _builder_version=\"4.16\" custom_padding=\"2px||0px|||\" global_colors_info=\"{}\"][et_pb_row module_class=\"FILMS_AV_LAYOUT0\" _builder_version=\"4.20.4\" custom_margin=\"-82px|auto||auto||\" custom_padding=\"||3px|||\" global_colors_info=\"{}\"][et_pb_column type=\"4_4\" _builder_version=\"4.16\" global_colors_info=\"{}\"][et_pb_video_slider show_image_overlay=\"on\" show_thumbnails=\"off\" play_icon_color=\"#ffffff\" use_icon_font_size=\"on\" show_image_overlay_tablet=\"on\" show_image_overlay_phone=\"on\" show_image_overlay_last_edited=\"on|desktop\" disabled_on=\"off|off|off\" module_class=\"custom-slider\" _builder_version=\"4.20.4\" background_enable_image=\"off\" transform_translate=\"1px|4px\" custom_padding=\"50px|||||\" hover_enabled=\"0\" global_colors_info=\"{}\" sticky_enabled=\"0\"][et_pb_video_slider_item src=\"https:\/\/youtu.be\/J53Kk0Vq2zo\" image_src=\"https:\/\/www.outside-thebox.ch\/v2\/wp-content\/uploads\/2025\/10\/ablc-main-image-web.jpg\" _builder_version=\"4.20.4\" _module_preset=\"default\" hover_enabled=\"0\" global_colors_info=\"{}\" show_image_overlay=\"on\" title_text=\"ablc-main-image-web\" sticky_enabled=\"0\"][\/et_pb_video_slider_item][\/et_pb_video_slider][\/et_pb_column][\/et_pb_row][\/et_pb_section][et_pb_section fb_built=\"1\" module_class=\"FILMS_AV_LAYOUT1\" _builder_version=\"4.16\" custom_padding=\"4px|||||\" global_colors_info=\"{}\"][et_pb_row column_structure=\"1_3,2_3\" _builder_version=\"4.20.4\" custom_padding=\"||0px|||\" global_colors_info=\"{}\"][et_pb_column type=\"1_3\" _builder_version=\"4.16\" global_colors_info=\"{}\"][et_pb_image src=\"https:\/\/www.outside-thebox.ch\/v2\/wp-content\/uploads\/2025\/10\/ABLC_B1_OTB_FR_WEB_light-scaled.jpg\" title_text=\"ABLC_B1_OTB_FR_WEB_light\" admin_label=\"Image\" _builder_version=\"4.20.4\" transform_scale_tablet=\"\" transform_scale_phone=\"\" transform_scale_last_edited=\"on|tablet\" transform_translate_tablet=\"\" transform_translate_phone=\"\" transform_translate_last_edited=\"on|tablet\" transform_rotate_tablet=\"\" transform_rotate_phone=\"\" transform_rotate_last_edited=\"on|tablet\" transform_skew_tablet=\"\" transform_skew_phone=\"\" transform_skew_last_edited=\"on|tablet\" transform_origin_tablet=\"\" transform_origin_phone=\"\" transform_origin_last_edited=\"on|tablet\" transform_styles_last_edited=\"on|tablet\" vertical_offset=\"0px\" horizontal_offset=\"0px\" position_origin_a_tablet=\"\" position_origin_a_phone=\"\" position_origin_a_last_edited=\"on|phone\" position_origin_f_tablet=\"\" position_origin_f_phone=\"\" position_origin_f_last_edited=\"on|phone\" position_origin_r_tablet=\"\" position_origin_r_phone=\"\" position_origin_r_last_edited=\"on|phone\" width=\"100%\" width_tablet=\"35vw\" width_phone=\"80vw\" width_last_edited=\"on|phone\" custom_margin=\"|-2px||||\" custom_margin_tablet=\"|||0px|false|false\" custom_margin_phone=\"\" custom_margin_last_edited=\"on|phone\" custom_padding=\"|0px|||false|false\" custom_padding_tablet=\"|0px|||false|false\" custom_padding_phone=\"\" custom_padding_last_edited=\"on|desktop\" animation_style=\"fade\" hover_enabled=\"0\" transform_styles_tablet=\"\" transform_styles_phone=\"\" positioning_tablet=\"relative\" positioning_phone=\"\" positioning_last_edited=\"on|tablet\" module_alignment_tablet=\"\" module_alignment_phone=\"left\" module_alignment_last_edited=\"on|tablet\" global_colors_info=\"{}\" sticky_enabled=\"0\"][\/et_pb_image][\/et_pb_column][et_pb_column type=\"2_3\" _builder_version=\"4.16\" global_colors_info=\"{}\"][et_pb_text _builder_version=\"4.20.4\" header_font=\"|800||on|||||\" width=\"114.7%\" width_tablet=\"\" width_phone=\"\" width_last_edited=\"on|phone\" custom_margin=\"|||-3vw|false|false\" custom_margin_tablet=\"|||0vw|false|false\" custom_margin_phone=\"|||0vw|false|false\" custom_margin_last_edited=\"on|tablet\" custom_padding=\"|10px|17px||false|false\" hover_enabled=\"0\" global_colors_info=\"{}\" sticky_enabled=\"0\"]<\/p><h1>Le 11 f\u00e9vrier au cin\u00e9ma<\/h1><p>[\/et_pb_text][et_pb_text _builder_version=\"4.20.4\" width=\"114.7%\" width_tablet=\"\" width_phone=\"\" width_last_edited=\"on|phone\" custom_margin=\"-49px|0px|-61px|-3vw|false|false\" custom_margin_tablet=\"|||0vw|false|false\" custom_margin_phone=\"|||0vw|false|false\" custom_margin_last_edited=\"on|tablet\" custom_padding=\"9px|0px|0px||false|false\" hover_enabled=\"0\" global_colors_info=\"{}\" sticky_enabled=\"0\"]<\/p><p style=\"text-align: justify;\">2025<br \/>Suisse, Belgique, France<br \/>96 minutes<br \/>VO fran\u00e7aise \u2013 sous-titres allemands<\/p><p>\u00a0<\/p><section class=\"intro\"><div class=\"container-outer\"><div class=\"container-fluid\"><div class=\"row\"><div class=\" col-xl-5\"><div class=\"col-sm-8 col-md-7 col-lg-6 col-lg-offset-1\"><div class=\"film-content\"><div id=\"tab-fr\" class=\"tab-content current\"><section class=\"intro\"><div class=\"container-outer\"><div class=\"container-fluid\"><div class=\"row\"><div class=\" col-xl-5\"><p>Emma, 15 ans, enceinte \u00e0 la suite d\u2019un viol, d\u00e9fie sa communaut\u00e9 rurale protestante et r\u00e9pressive pour se frayer un chemin vers l\u2019autod\u00e9termination. Transformant le traumatisme en catalyseur d\u2019\u00e9mancipation elle affronte l\u2019hypocrisie morale du village et le spectre de la Seconde Guerre mondiale qui l\u2019entoure.<\/p><\/div><\/div><\/div><\/div><\/section><section><div class=\"container-outer\"><div class=\"container-fluid\"><div class=\"row\"><div class=\"col-xl-5 offset-xl-5\">\u00a0<\/div><\/div><\/div><\/div><\/section><\/div><\/div><\/div><div class=\"col-sm-4 col-md-4 col-md-offset-1 col-lg-3 col-lg-offset-1\"><div class=\"film-sidebar\"><div class=\"film-poster\">\u00a0<\/div><\/div><\/div><\/div><\/div><\/div><\/div><\/section><section><div class=\"container-outer\"><div class=\"container-fluid\"><div class=\"row\"><div class=\"col-xl-5 offset-xl-5\">\u00a0<\/div><\/div><\/div><\/div><\/section><p>[\/et_pb_text][\/et_pb_column][\/et_pb_row][\/et_pb_section][et_pb_section fb_built=\"1\" module_class=\"FILMS_AV_LAYOUT2\" _builder_version=\"4.16\" background_color=\"rgba(90,182,221,0.28)\" min_height=\"226.8px\" custom_margin=\"50px||||false|false\" custom_padding=\"0px|||||\" global_colors_info=\"{}\"][et_pb_row column_structure=\"1_2,1_2\" _builder_version=\"4.17.6\" min_height=\"159px\" custom_margin=\"|auto|-6px|auto||\" custom_padding=\"||2px|||\" animation_style=\"fade\" global_colors_info=\"{}\"][et_pb_column type=\"1_2\" _builder_version=\"4.16\" global_colors_info=\"{}\"][et_pb_text disabled_on=\"on|on|on\" _builder_version=\"4.20.4\" header_font=\"|800||on|||||\" header_2_font=\"|800||on|||||\" header_3_font_size=\"23px\" custom_margin=\"||21px|||\" custom_padding=\"1px|||||\" hover_enabled=\"0\" global_colors_info=\"{}\" sticky_enabled=\"0\" disabled=\"on\"]<\/p><h1 class=\"p1\">AVANT-PREMI\u00c8RES<\/h1><p><em>En pr\u00e9sence des r\u00e9alisatrices Charlotte Nastasi & Emilie Cornu<br \/>En partenariat avec Visions du R\u00e9el on Tour<\/em><\/p><p>\u00a0<\/p><ul><li><strong>La Chaud-de-Fonds, ABC<\/strong> - Mardi 7 octobre \u00e0 18h00<\/li><li><strong>Vevey, Astor<\/strong> - Mercredi 8 octobre \u00e0 18h00<\/li><li><strong>Martigny, Corso<\/strong> - Mercredi 8 octobre \u00e0 20h30<\/li><li><strong>Yverdon, Bel Air <\/strong>\u2013 Jeudi 9 octobre \u00e0 18h30<\/li><li><strong>Morges, Od\u00e9on <\/strong>\u2013 Jeudi 9 octobre \u00e0 20h15<\/li><li><strong>Sainte-Croix, Royal<\/strong> - Samedi 11 octobre \u00e0 18h00<\/li><li><strong>Neuch\u00e2tel, Apollo<\/strong> - Dimanche 12 octobre \u00e0 10h00<\/li><li><strong>Lausanne, Cin\u00e9matographe \u00a0<\/strong>\u2013 Lundi 13 octobre \u00e0 20h30<\/li><li><strong>Gen\u00e8ve, Bio <\/strong>\u2013 Mardi 14 octobre \u00e0 20h30<\/li><li><strong>Fribourg, Korso<\/strong> - Mercredi 15 octobre \u00e0 18h15<\/li><\/ul><p>[\/et_pb_text][\/et_pb_column][et_pb_column type=\"1_2\" _builder_version=\"4.16\" global_colors_info=\"{}\"][et_pb_text disabled_on=\"off|off|off\" _builder_version=\"4.20.4\" header_font=\"|800||on|||||\" header_2_font=\"|800||on|||||\" header_3_font_size=\"23px\" custom_margin=\"||21px|||\" custom_padding=\"1px|||||\" hover_enabled=\"0\" global_colors_info=\"{}\" sticky_enabled=\"0\"]<\/p><h1 class=\"p1\">Prix & Festivals<\/h1><ul><li>Mostra de Venise 2025 - S\u00e9lection Officielle<\/li><\/ul><p>[\/et_pb_text][\/et_pb_column][\/et_pb_row][\/et_pb_section][et_pb_section fb_built=\"1\" module_class=\"FILMS_AV_LAYOUT3\" _builder_version=\"4.16\" custom_margin=\"-17px|||||\" global_colors_info=\"{}\"][et_pb_row column_structure=\"1_2,1_2\" _builder_version=\"4.16\" min_height=\"734.9px\" global_colors_info=\"{}\"][et_pb_column type=\"1_2\" _builder_version=\"4.16\" global_colors_info=\"{}\"][et_pb_image src=\"https:\/\/www.outside-thebox.ch\/v2\/wp-content\/uploads\/2025\/10\/ablc-stills-web-5-scaled.jpeg\" title_text=\"ablc-stills-web-5\" show_in_lightbox=\"on\" _builder_version=\"4.20.4\" _dynamic_attributes=\"url\" hover_enabled=\"0\" global_colors_info=\"{}\" sticky_enabled=\"0\"][\/et_pb_image][et_pb_image src=\"https:\/\/www.outside-thebox.ch\/v2\/wp-content\/uploads\/2025\/10\/ablc-stills-web-4.jpeg\" title_text=\"ablc-stills-web-4\" show_in_lightbox=\"on\" _builder_version=\"4.20.4\" _dynamic_attributes=\"url\" hover_enabled=\"0\" global_colors_info=\"{}\" sticky_enabled=\"0\"][\/et_pb_image][\/et_pb_column][et_pb_column type=\"1_2\" _builder_version=\"4.16\" _module_preset=\"default\" global_colors_info=\"{}\"][et_pb_image src=\"https:\/\/www.outside-thebox.ch\/v2\/wp-content\/uploads\/2025\/10\/ablc-stills-web-3-scaled.jpeg\" title_text=\"ablc-stills-web-3\" show_in_lightbox=\"on\" _builder_version=\"4.20.4\" _dynamic_attributes=\"url\" hover_enabled=\"0\" global_colors_info=\"{}\" sticky_enabled=\"0\"][\/et_pb_image][et_pb_image src=\"https:\/\/www.outside-thebox.ch\/v2\/wp-content\/uploads\/2025\/10\/ablc-stills-web-2-scaled.jpeg\" title_text=\"ablc-stills-web-2\" show_in_lightbox=\"on\" _builder_version=\"4.20.4\" _dynamic_attributes=\"url\" hover_enabled=\"0\" global_colors_info=\"{}\" sticky_enabled=\"0\"][\/et_pb_image][\/et_pb_column][\/et_pb_row][\/et_pb_section][et_pb_section fb_built=\"1\" module_class=\"FILMS_AV_LAYOUT4\" _builder_version=\"4.16\" custom_padding=\"0px||3px|||\" global_colors_info=\"{}\"][et_pb_row column_structure=\"1_3,1_3,1_3\" _builder_version=\"4.16\" custom_padding=\"7px|||||\" global_colors_info=\"{}\"][et_pb_column type=\"1_3\" _builder_version=\"4.16\" global_colors_info=\"{}\"][et_pb_text admin_label=\"Texte\" _builder_version=\"4.20.4\" header_font=\"|800||on|||||\" header_2_font=\"|800||on|||||\" hover_enabled=\"0\" global_colors_info=\"{}\" sticky_enabled=\"0\"]<\/p><h1>CAST & CREW<\/h1><p>[\/et_pb_text][et_pb_text _builder_version=\"4.20.4\" min_height=\"184px\" hover_enabled=\"0\" global_colors_info=\"{}\" sticky_enabled=\"0\"]<\/p><div id=\"postexcerpt\" class=\"postbox first-visible\"><div class=\"inside\"><div class=\"page\" title=\"Page 18\"><div class=\"section\"><div class=\"layoutArea\"><div class=\"column\"><p><strong>Avec<\/strong><\/p><p>Lila Gueneau<\/p><\/div><div class=\"column\">Gr\u00e9goire Colin<\/div><div class=\"column\">Thomas Doret<\/div><div class=\"column\">Aur\u00e9lia Petit<\/div><div class=\"column\">Sandrine Blancke<\/div><div class=\"column\">Sasha Gravat<\/div><div class=\"column\">Cyril Metzger<\/div><div><div class=\"column\"><p><strong>\u00c9crit par<br \/><\/strong><\/p><p>Nadine Lamari<\/p><\/div><div class=\"column\"><p>Marie-Elsa Sgualdo<\/p><p><strong>R\u00e9alis\u00e9 par<\/strong><\/p><p>Marie-Elsa Sgualdo<\/p><p><strong>Image<br \/><\/strong><\/p><p>Benoit Dervaux<\/p><p><strong>Montage<\/strong><\/p><p>Karine Sudan<\/p><p><strong>Prise de son<br \/><\/strong><\/p><p>Xavier Lavorel<\/p><p><strong>Montage son et mixage<br \/><\/strong><\/p><p>Henry Sims<\/p><\/div><div class=\"column\">Xavier Lavorel<\/div><div class=\"column\"><p>Franco Piscopo<\/p><p><strong>Premier assistant r\u00e9alisation<\/strong><\/p><p>Marc-Daniel Gerber<\/p><p><strong>D\u00e9cors<br \/><\/strong><\/p><p>Sara B. Weingart<\/p><p><strong>Costumes<br \/><\/strong><\/p><p>Genevi\u00e8ve Maulini<\/p><p><strong>Maquillage <\/strong><\/p><p>Laurence Rieux<\/p><p><strong>Coiffure<br \/><\/strong><\/p><p>Alexandra Bredin<\/p><p><strong>Chef \u00e9lectricien<br \/><\/strong><\/p><p>Antoine Bellem<span class=\"Apple-converted-space\">\u00a0<\/span><\/p><\/div><\/div><\/div><\/div><\/div><\/div><\/div><p>[\/et_pb_text][\/et_pb_column][et_pb_column type=\"1_3\" _builder_version=\"4.16\" _module_preset=\"default\" global_colors_info=\"{}\"][et_pb_text disabled_on=\"off|off|off\" _builder_version=\"4.20.4\" header_font=\"|800||on|||||\" header_2_font=\"|800||on|||||\" custom_padding=\"0px|||||\" global_colors_info=\"{}\"]<\/p><h1><span style=\"color: #ffffff;\">CasT & CREW<\/span><\/h1><p>[\/et_pb_text][et_pb_text _builder_version=\"4.20.4\" min_height=\"307.8px\" hover_enabled=\"0\" global_colors_info=\"{}\" sticky_enabled=\"0\"]<\/p><div id=\"postexcerpt\" class=\"postbox first-visible\"><div class=\"inside\"><div class=\"page\" title=\"Page 18\"><div class=\"section\"><div class=\"layoutArea\"><div class=\"column\"><div class=\"column\"><p><strong>Directrice de production<\/strong><\/p><p>Christelle Michel<\/p><p><strong>Producteur.ice.s<\/strong><\/p><p>Elena Tatti<\/p><\/div><div class=\"column\"><p>Nicolas Wittwer<\/p><p><strong>Production<\/strong><\/p><p>Box Productions<\/p><p><strong>En coproduction avec<\/strong><\/p><p>H\u00e9licotronc<\/p><\/div><div class=\"column\"><p>Offshore<\/p><p><strong>Distribution Suisse<\/strong><\/p><p>Outside the Box<\/p><\/div><\/div><\/div><\/div><\/div><\/div><\/div><p>[\/et_pb_text][\/et_pb_column][et_pb_column type=\"1_3\" _builder_version=\"4.16\" global_colors_info=\"{}\"][et_pb_text disabled_on=\"off|off|off\" _builder_version=\"4.20.4\" header_font=\"|800||on|||||\" header_2_font=\"|800||on|||||\" global_colors_info=\"{}\"]<\/p><h1>DOWNLOADS<\/h1><p>[\/et_pb_text][et_pb_text disabled_on=\"off|off|off\" _builder_version=\"4.20.4\" text_text_color=\"#000000\" link_text_color=\"#000000\" hover_enabled=\"0\" global_colors_info=\"{}\" sticky_enabled=\"0\"]<\/p><p><b>T\u00e9l\u00e9chargez<\/b><strong>\u00a0<\/strong><b>le mat\u00e9riel du film :<\/b><\/p><p><span style=\"text-decoration: underline;\"><a href=\"https:\/\/vimeo.com\/1126851075?share=copy\"><span style=\"color: #000000; text-decoration: underline;\">Bande-annonce<\/span><\/a><\/span><br \/><span style=\"color: #000000;\">Bande-annonce DCP (prochainement disponible)<br \/><a href=\"https:\/\/www.outside-thebox.ch\/v2\/wp-content\/uploads\/2025\/10\/ABLC_B1_OTB_FR_WEB_light-scaled.jpg\" target=\"_blank\" rel=\"noopener\"><span style=\"text-decoration: underline;\">Affiche<\/span><\/a><\/span><br \/><span style=\"color: #000000;\">Flyer<\/span><br \/><span style=\"color: #000000;\">Images jpeg (prochainement disponible)<br \/>Images tiff (prochainement disponible)<\/span><br \/><span style=\"color: #000000;\">Dossier de presse (prochainement disponible)<br \/><\/span><span style=\"color: #000000;\">Social Media (prochainement disponible)<\/span><\/p><p>[\/et_pb_text][\/et_pb_column][\/et_pb_row][\/et_pb_section][et_pb_section fb_built=\"1\" _builder_version=\"4.20.4\" _module_preset=\"default\" global_colors_info=\"{}\"][et_pb_row _builder_version=\"4.20.4\" _module_preset=\"default\" global_colors_info=\"{}\"][et_pb_column type=\"4_4\" _builder_version=\"4.20.4\" _module_preset=\"default\" global_colors_info=\"{}\"][\/et_pb_column][\/et_pb_row][\/et_pb_section][et_pb_section fb_built=\"1\" _builder_version=\"4.20.4\" _module_preset=\"default\" global_colors_info=\"{}\"][\/et_pb_section]<\/p>","_et_gb_content_width":"","_jetpack_memberships_contains_paid_content":false,"footnotes":""},"categories":[19],"tags":[],"yoast_head":"<!-- This site is optimized with the Yoast SEO plugin v22.9 - https:\/\/yoast.com\/wordpress\/plugins\/seo\/ -->\n<title>Silent Rebellion (\u00c0 bras-le-corps) - Outside the Box<\/title>\n<meta name=\"description\" content=\"Die 15-j\u00e4hrige Emma, die nach einer Vergewaltigung schwanger ist, fordert ihre protestantische und repressive l\u00e4ndliche Gemeinschaft heraus, um sich einen Weg zur Selbstbestimmung zu bahnen. Indem sie das Trauma in einen Katalysator der Emanzipation verwandelt, stellt sie sich der moralischen Heuchelei des Dorfes und dem Gespenst des Zweiten Weltkriegs, das sie umgibt.\" \/>\n<meta name=\"robots\" content=\"index, follow, max-snippet:-1, max-image-preview:large, max-video-preview:-1\" \/>\n<link rel=\"canonical\" href=\"https:\/\/www.outside-thebox.ch\/de\/silent-rebellion-a-bras-le-corps\/\" \/>\n<meta property=\"og:locale\" content=\"de_DE\" \/>\n<meta property=\"og:type\" content=\"article\" \/>\n<meta property=\"og:title\" content=\"Silent Rebellion (\u00c0 bras-le-corps) - Outside the Box\" \/>\n<meta property=\"og:description\" content=\"Die 15-j\u00e4hrige Emma, die nach einer Vergewaltigung schwanger ist, fordert ihre protestantische und repressive l\u00e4ndliche Gemeinschaft heraus, um sich einen Weg zur Selbstbestimmung zu bahnen. Indem sie das Trauma in einen Katalysator der Emanzipation verwandelt, stellt sie sich der moralischen Heuchelei des Dorfes und dem Gespenst des Zweiten Weltkriegs, das sie umgibt.\" \/>\n<meta property=\"og:url\" content=\"https:\/\/www.outside-thebox.ch\/de\/silent-rebellion-a-bras-le-corps\/\" \/>\n<meta property=\"og:site_name\" content=\"Outside the Box\" \/>\n<meta property=\"article:published_time\" content=\"2025-10-13T14:41:40+00:00\" \/>\n<meta property=\"article:modified_time\" content=\"2026-01-28T10:32:42+00:00\" \/>\n<meta property=\"og:image\" content=\"https:\/\/www.outside-thebox.ch\/v2\/wp-content\/uploads\/2025\/10\/SR_plakat_web_date.jpg\" \/>\n\t<meta property=\"og:image:width\" content=\"1792\" \/>\n\t<meta property=\"og:image:height\" content=\"2560\" \/>\n\t<meta property=\"og:image:type\" content=\"image\/jpeg\" \/>\n<meta name=\"author\" content=\"Editeur OTB\" \/>\n<meta name=\"twitter:card\" content=\"summary_large_image\" \/>\n<meta name=\"twitter:label1\" content=\"Verfasst von\" \/>\n\t<meta name=\"twitter:data1\" content=\"Editeur OTB\" \/>\n\t<meta name=\"twitter:label2\" content=\"Gesch\u00e4tzte Lesezeit\" \/>\n\t<meta name=\"twitter:data2\" content=\"4\u00a0Minuten\" \/>\n<script type=\"application\/ld+json\" class=\"yoast-schema-graph\">{\"@context\":\"https:\/\/schema.org\",\"@graph\":[{\"@type\":\"WebPage\",\"@id\":\"https:\/\/www.outside-thebox.ch\/de\/silent-rebellion-a-bras-le-corps\/\",\"url\":\"https:\/\/www.outside-thebox.ch\/de\/silent-rebellion-a-bras-le-corps\/\",\"name\":\"Silent Rebellion (\u00c0 bras-le-corps) - Outside the Box\",\"isPartOf\":{\"@id\":\"https:\/\/www.outside-thebox.ch\/de\/#website\"},\"primaryImageOfPage\":{\"@id\":\"https:\/\/www.outside-thebox.ch\/de\/silent-rebellion-a-bras-le-corps\/#primaryimage\"},\"image\":{\"@id\":\"https:\/\/www.outside-thebox.ch\/de\/silent-rebellion-a-bras-le-corps\/#primaryimage\"},\"thumbnailUrl\":\"https:\/\/www.outside-thebox.ch\/v2\/wp-content\/uploads\/2025\/10\/SR_plakat_web_date.jpg\",\"datePublished\":\"2025-10-13T14:41:40+00:00\",\"dateModified\":\"2026-01-28T10:32:42+00:00\",\"author\":{\"@id\":\"https:\/\/www.outside-thebox.ch\/de\/#\/schema\/person\/a3c080f4f5369deffc380dfbe91da6dc\"},\"description\":\"Die 15-j\u00e4hrige Emma, die nach einer Vergewaltigung schwanger ist, fordert ihre protestantische und repressive l\u00e4ndliche Gemeinschaft heraus, um sich einen Weg zur Selbstbestimmung zu bahnen. Indem sie das Trauma in einen Katalysator der Emanzipation verwandelt, stellt sie sich der moralischen Heuchelei des Dorfes und dem Gespenst des Zweiten Weltkriegs, das sie umgibt.\",\"breadcrumb\":{\"@id\":\"https:\/\/www.outside-thebox.ch\/de\/silent-rebellion-a-bras-le-corps\/#breadcrumb\"},\"inLanguage\":\"de\",\"potentialAction\":[{\"@type\":\"ReadAction\",\"target\":[\"https:\/\/www.outside-thebox.ch\/de\/silent-rebellion-a-bras-le-corps\/\"]}]},{\"@type\":\"ImageObject\",\"inLanguage\":\"de\",\"@id\":\"https:\/\/www.outside-thebox.ch\/de\/silent-rebellion-a-bras-le-corps\/#primaryimage\",\"url\":\"https:\/\/www.outside-thebox.ch\/v2\/wp-content\/uploads\/2025\/10\/SR_plakat_web_date.jpg\",\"contentUrl\":\"https:\/\/www.outside-thebox.ch\/v2\/wp-content\/uploads\/2025\/10\/SR_plakat_web_date.jpg\",\"width\":1792,\"height\":2560},{\"@type\":\"BreadcrumbList\",\"@id\":\"https:\/\/www.outside-thebox.ch\/de\/silent-rebellion-a-bras-le-corps\/#breadcrumb\",\"itemListElement\":[{\"@type\":\"ListItem\",\"position\":1,\"name\":\"Accueil\",\"item\":\"https:\/\/www.outside-thebox.ch\/de\/\"},{\"@type\":\"ListItem\",\"position\":2,\"name\":\"Silent Rebellion (\u00c0 bras-le-corps)\"}]},{\"@type\":\"WebSite\",\"@id\":\"https:\/\/www.outside-thebox.ch\/de\/#website\",\"url\":\"https:\/\/www.outside-thebox.ch\/de\/\",\"name\":\"Outside the Box\",\"description\":\"Maison de distribution de films\",\"potentialAction\":[{\"@type\":\"SearchAction\",\"target\":{\"@type\":\"EntryPoint\",\"urlTemplate\":\"https:\/\/www.outside-thebox.ch\/de\/?s={search_term_string}\"},\"query-input\":\"required name=search_term_string\"}],\"inLanguage\":\"de\"},{\"@type\":\"Person\",\"@id\":\"https:\/\/www.outside-thebox.ch\/de\/#\/schema\/person\/a3c080f4f5369deffc380dfbe91da6dc\",\"name\":\"Editeur OTB\",\"image\":{\"@type\":\"ImageObject\",\"inLanguage\":\"de\",\"@id\":\"https:\/\/www.outside-thebox.ch\/de\/#\/schema\/person\/image\/\",\"url\":\"https:\/\/secure.gravatar.com\/avatar\/fc0a06eff27688a179f5a8f7fe740ed9?s=96&d=mm&r=g\",\"contentUrl\":\"https:\/\/secure.gravatar.com\/avatar\/fc0a06eff27688a179f5a8f7fe740ed9?s=96&d=mm&r=g\",\"caption\":\"Editeur OTB\"},\"url\":\"https:\/\/www.outside-thebox.ch\/de\/author\/edit_otb\/\"}]}<\/script>\n<!-- \/ Yoast SEO plugin. -->","yoast_head_json":{"title":"Silent Rebellion (\u00c0 bras-le-corps) - Outside the Box","description":"Die 15-j\u00e4hrige Emma, die nach einer Vergewaltigung schwanger ist, fordert ihre protestantische und repressive l\u00e4ndliche Gemeinschaft heraus, um sich einen Weg zur Selbstbestimmung zu bahnen. Indem sie das Trauma in einen Katalysator der Emanzipation verwandelt, stellt sie sich der moralischen Heuchelei des Dorfes und dem Gespenst des Zweiten Weltkriegs, das sie umgibt.","robots":{"index":"index","follow":"follow","max-snippet":"max-snippet:-1","max-image-preview":"max-image-preview:large","max-video-preview":"max-video-preview:-1"},"canonical":"https:\/\/www.outside-thebox.ch\/de\/silent-rebellion-a-bras-le-corps\/","og_locale":"de_DE","og_type":"article","og_title":"Silent Rebellion (\u00c0 bras-le-corps) - Outside the Box","og_description":"Die 15-j\u00e4hrige Emma, die nach einer Vergewaltigung schwanger ist, fordert ihre protestantische und repressive l\u00e4ndliche Gemeinschaft heraus, um sich einen Weg zur Selbstbestimmung zu bahnen. Indem sie das Trauma in einen Katalysator der Emanzipation verwandelt, stellt sie sich der moralischen Heuchelei des Dorfes und dem Gespenst des Zweiten Weltkriegs, das sie umgibt.","og_url":"https:\/\/www.outside-thebox.ch\/de\/silent-rebellion-a-bras-le-corps\/","og_site_name":"Outside the Box","article_published_time":"2025-10-13T14:41:40+00:00","article_modified_time":"2026-01-28T10:32:42+00:00","og_image":[{"width":1792,"height":2560,"url":"https:\/\/www.outside-thebox.ch\/v2\/wp-content\/uploads\/2025\/10\/SR_plakat_web_date.jpg","type":"image\/jpeg"}],"author":"Editeur OTB","twitter_card":"summary_large_image","twitter_misc":{"Verfasst von":"Editeur OTB","Gesch\u00e4tzte Lesezeit":"4\u00a0Minuten"},"schema":{"@context":"https:\/\/schema.org","@graph":[{"@type":"WebPage","@id":"https:\/\/www.outside-thebox.ch\/de\/silent-rebellion-a-bras-le-corps\/","url":"https:\/\/www.outside-thebox.ch\/de\/silent-rebellion-a-bras-le-corps\/","name":"Silent Rebellion (\u00c0 bras-le-corps) - Outside the Box","isPartOf":{"@id":"https:\/\/www.outside-thebox.ch\/de\/#website"},"primaryImageOfPage":{"@id":"https:\/\/www.outside-thebox.ch\/de\/silent-rebellion-a-bras-le-corps\/#primaryimage"},"image":{"@id":"https:\/\/www.outside-thebox.ch\/de\/silent-rebellion-a-bras-le-corps\/#primaryimage"},"thumbnailUrl":"https:\/\/www.outside-thebox.ch\/v2\/wp-content\/uploads\/2025\/10\/SR_plakat_web_date.jpg","datePublished":"2025-10-13T14:41:40+00:00","dateModified":"2026-01-28T10:32:42+00:00","author":{"@id":"https:\/\/www.outside-thebox.ch\/de\/#\/schema\/person\/a3c080f4f5369deffc380dfbe91da6dc"},"description":"Die 15-j\u00e4hrige Emma, die nach einer Vergewaltigung schwanger ist, fordert ihre protestantische und repressive l\u00e4ndliche Gemeinschaft heraus, um sich einen Weg zur Selbstbestimmung zu bahnen. Indem sie das Trauma in einen Katalysator der Emanzipation verwandelt, stellt sie sich der moralischen Heuchelei des Dorfes und dem Gespenst des Zweiten Weltkriegs, das sie umgibt.","breadcrumb":{"@id":"https:\/\/www.outside-thebox.ch\/de\/silent-rebellion-a-bras-le-corps\/#breadcrumb"},"inLanguage":"de","potentialAction":[{"@type":"ReadAction","target":["https:\/\/www.outside-thebox.ch\/de\/silent-rebellion-a-bras-le-corps\/"]}]},{"@type":"ImageObject","inLanguage":"de","@id":"https:\/\/www.outside-thebox.ch\/de\/silent-rebellion-a-bras-le-corps\/#primaryimage","url":"https:\/\/www.outside-thebox.ch\/v2\/wp-content\/uploads\/2025\/10\/SR_plakat_web_date.jpg","contentUrl":"https:\/\/www.outside-thebox.ch\/v2\/wp-content\/uploads\/2025\/10\/SR_plakat_web_date.jpg","width":1792,"height":2560},{"@type":"BreadcrumbList","@id":"https:\/\/www.outside-thebox.ch\/de\/silent-rebellion-a-bras-le-corps\/#breadcrumb","itemListElement":[{"@type":"ListItem","position":1,"name":"Accueil","item":"https:\/\/www.outside-thebox.ch\/de\/"},{"@type":"ListItem","position":2,"name":"Silent Rebellion (\u00c0 bras-le-corps)"}]},{"@type":"WebSite","@id":"https:\/\/www.outside-thebox.ch\/de\/#website","url":"https:\/\/www.outside-thebox.ch\/de\/","name":"Outside the Box","description":"Maison de distribution de films","potentialAction":[{"@type":"SearchAction","target":{"@type":"EntryPoint","urlTemplate":"https:\/\/www.outside-thebox.ch\/de\/?s={search_term_string}"},"query-input":"required name=search_term_string"}],"inLanguage":"de"},{"@type":"Person","@id":"https:\/\/www.outside-thebox.ch\/de\/#\/schema\/person\/a3c080f4f5369deffc380dfbe91da6dc","name":"Editeur OTB","image":{"@type":"ImageObject","inLanguage":"de","@id":"https:\/\/www.outside-thebox.ch\/de\/#\/schema\/person\/image\/","url":"https:\/\/secure.gravatar.com\/avatar\/fc0a06eff27688a179f5a8f7fe740ed9?s=96&d=mm&r=g","contentUrl":"https:\/\/secure.gravatar.com\/avatar\/fc0a06eff27688a179f5a8f7fe740ed9?s=96&d=mm&r=g","caption":"Editeur OTB"},"url":"https:\/\/www.outside-thebox.ch\/de\/author\/edit_otb\/"}]}},"jetpack_sharing_enabled":true,"jetpack_featured_media_url":"https:\/\/www.outside-thebox.ch\/v2\/wp-content\/uploads\/2025\/10\/SR_plakat_web_date.jpg","_links":{"self":[{"href":"https:\/\/www.outside-thebox.ch\/de\/wp-json\/wp\/v2\/posts\/29916"}],"collection":[{"href":"https:\/\/www.outside-thebox.ch\/de\/wp-json\/wp\/v2\/posts"}],"about":[{"href":"https:\/\/www.outside-thebox.ch\/de\/wp-json\/wp\/v2\/types\/post"}],"author":[{"embeddable":true,"href":"https:\/\/www.outside-thebox.ch\/de\/wp-json\/wp\/v2\/users\/8"}],"replies":[{"embeddable":true,"href":"https:\/\/www.outside-thebox.ch\/de\/wp-json\/wp\/v2\/comments?post=29916"}],"version-history":[{"count":38,"href":"https:\/\/www.outside-thebox.ch\/de\/wp-json\/wp\/v2\/posts\/29916\/revisions"}],"predecessor-version":[{"id":30517,"href":"https:\/\/www.outside-thebox.ch\/de\/wp-json\/wp\/v2\/posts\/29916\/revisions\/30517"}],"wp:featuredmedia":[{"embeddable":true,"href":"https:\/\/www.outside-thebox.ch\/de\/wp-json\/wp\/v2\/media\/30042"}],"wp:attachment":[{"href":"https:\/\/www.outside-thebox.ch\/de\/wp-json\/wp\/v2\/media?parent=29916"}],"wp:term":[{"taxonomy":"category","embeddable":true,"href":"https:\/\/www.outside-thebox.ch\/de\/wp-json\/wp\/v2\/categories?post=29916"},{"taxonomy":"post_tag","embeddable":true,"href":"https:\/\/www.outside-thebox.ch\/de\/wp-json\/wp\/v2\/tags?post=29916"}],"curies":[{"name":"wp","href":"https:\/\/api.w.org\/{rel}","templated":true}]}}