{"id":30985,"date":"2026-04-23T13:54:16","date_gmt":"2026-04-23T11:54:16","guid":{"rendered":"https:\/\/www.outside-thebox.ch\/?p=30985"},"modified":"2026-04-30T10:59:57","modified_gmt":"2026-04-30T08:59:57","slug":"vondemwasbleibt","status":"publish","type":"post","link":"https:\/\/www.outside-thebox.ch\/de\/vondemwasbleibt\/","title":{"rendered":"Von dem, was bleibt"},"content":{"rendered":"<p>[et_pb_section fb_built=&#8220;1&#8243; _builder_version=&#8220;4.16&#8243; global_colors_info=&#8220;{}&#8220;][et_pb_row module_id=&#8220;FILMS_CUSTOM_TITLE&#8220; _builder_version=&#8220;4.16&#8243; custom_padding=&#8220;||23px|||&#8220; global_colors_info=&#8220;{}&#8220;][et_pb_column type=&#8220;4_4&#8243; _builder_version=&#8220;4.16&#8243; global_colors_info=&#8220;{}&#8220;][et_pb_text admin_label=&#8220;Texte&#8220; _builder_version=&#8220;4.20.4&#8243; header_2_font=&#8220;|800||on|||||&#8220; header_2_font_size=&#8220;30px&#8220; custom_padding=&#8220;||24px|||&#8220; global_colors_info=&#8220;{}&#8220;]<\/p>\n<h2>VON DEM, WAS BLEIBT, ein Film von Lisa Blatter<\/h2>\n<p>[\/et_pb_text][\/et_pb_column][\/et_pb_row][\/et_pb_section][et_pb_section fb_built=&#8220;1&#8243; module_class=&#8220;FILMS_AV_LAYOUT0&#8243; _builder_version=&#8220;4.16&#8243; custom_padding=&#8220;2px||0px|||&#8220; global_colors_info=&#8220;{}&#8220;][et_pb_row module_class=&#8220;FILMS_AV_LAYOUT0&#8243; _builder_version=&#8220;4.20.4&#8243; custom_margin=&#8220;-82px|auto||auto||&#8220; custom_padding=&#8220;||3px|||&#8220; global_colors_info=&#8220;{}&#8220;][et_pb_column type=&#8220;4_4&#8243; _builder_version=&#8220;4.16&#8243; global_colors_info=&#8220;{}&#8220;][et_pb_video_slider show_image_overlay=&#8220;on&#8220; show_thumbnails=&#8220;off&#8220; play_icon_color=&#8220;#ffffff&#8220; use_icon_font_size=&#8220;on&#8220; show_image_overlay_tablet=&#8220;on&#8220; show_image_overlay_phone=&#8220;on&#8220; show_image_overlay_last_edited=&#8220;on|desktop&#8220; disabled_on=&#8220;off|off|off&#8220; module_class=&#8220;custom-slider&#8220; _builder_version=&#8220;4.20.4&#8243; background_image=&#8220;https:\/\/www.outside-thebox.ch\/v2\/wp-content\/uploads\/2026\/04\/VONDEMWASBLEIBT_Still_3.jpg&#8220; transform_translate=&#8220;1px|4px&#8220; custom_padding=&#8220;50px|||||&#8220; global_colors_info=&#8220;{}&#8220;][et_pb_video_slider_item image_src=&#8220;https:\/\/www.outside-thebox.ch\/v2\/wp-content\/uploads\/2025\/07\/PS_stills_web8.jpg&#8220; _builder_version=&#8220;4.20.4&#8243; _module_preset=&#8220;default&#8220; global_colors_info=&#8220;{}&#8220; show_image_overlay=&#8220;on&#8220;][\/et_pb_video_slider_item][\/et_pb_video_slider][\/et_pb_column][\/et_pb_row][\/et_pb_section][et_pb_section fb_built=&#8220;1&#8243; module_class=&#8220;FILMS_AV_LAYOUT1&#8243; _builder_version=&#8220;4.16&#8243; custom_padding=&#8220;4px|||||&#8220; global_colors_info=&#8220;{}&#8220;][et_pb_row column_structure=&#8220;1_3,2_3&#8243; _builder_version=&#8220;4.20.4&#8243; custom_padding=&#8220;||0px|||&#8220; global_colors_info=&#8220;{}&#8220;][et_pb_column type=&#8220;1_3&#8243; _builder_version=&#8220;4.16&#8243; global_colors_info=&#8220;{}&#8220;][et_pb_image src=&#8220;https:\/\/www.outside-thebox.ch\/v2\/wp-content\/uploads\/2026\/04\/LB-TOWR-Poster-205-web-scaled.jpg&#8220; title_text=&#8220;LB-TOWR-Poster-205-web&#8220; admin_label=&#8220;Image&#8220; _builder_version=&#8220;4.20.4&#8243; transform_scale_tablet=&#8220;&#8220; transform_scale_phone=&#8220;&#8220; transform_scale_last_edited=&#8220;on|tablet&#8220; transform_translate_tablet=&#8220;&#8220; transform_translate_phone=&#8220;&#8220; transform_translate_last_edited=&#8220;on|tablet&#8220; transform_rotate_tablet=&#8220;&#8220; transform_rotate_phone=&#8220;&#8220; transform_rotate_last_edited=&#8220;on|tablet&#8220; transform_skew_tablet=&#8220;&#8220; transform_skew_phone=&#8220;&#8220; transform_skew_last_edited=&#8220;on|tablet&#8220; transform_origin_tablet=&#8220;&#8220; transform_origin_phone=&#8220;&#8220; transform_origin_last_edited=&#8220;on|tablet&#8220; transform_styles_last_edited=&#8220;on|tablet&#8220; vertical_offset=&#8220;0px&#8220; horizontal_offset=&#8220;0px&#8220; position_origin_a_tablet=&#8220;&#8220; position_origin_a_phone=&#8220;&#8220; position_origin_a_last_edited=&#8220;on|phone&#8220; position_origin_f_tablet=&#8220;&#8220; position_origin_f_phone=&#8220;&#8220; position_origin_f_last_edited=&#8220;on|phone&#8220; position_origin_r_tablet=&#8220;&#8220; position_origin_r_phone=&#8220;&#8220; position_origin_r_last_edited=&#8220;on|phone&#8220; width=&#8220;100%&#8220; width_tablet=&#8220;35vw&#8220; width_phone=&#8220;80vw&#8220; width_last_edited=&#8220;on|phone&#8220; custom_margin=&#8220;|-2px||||&#8220; custom_margin_tablet=&#8220;|||0px|false|false&#8220; custom_margin_phone=&#8220;&#8220; custom_margin_last_edited=&#8220;on|phone&#8220; custom_padding=&#8220;|0px|||false|false&#8220; custom_padding_tablet=&#8220;|0px|||false|false&#8220; custom_padding_phone=&#8220;&#8220; custom_padding_last_edited=&#8220;on|desktop&#8220; animation_style=&#8220;fade&#8220; transform_styles_tablet=&#8220;&#8220; transform_styles_phone=&#8220;&#8220; positioning_tablet=&#8220;relative&#8220; positioning_phone=&#8220;&#8220; positioning_last_edited=&#8220;on|tablet&#8220; module_alignment_tablet=&#8220;&#8220; module_alignment_phone=&#8220;left&#8220; module_alignment_last_edited=&#8220;on|tablet&#8220; global_colors_info=&#8220;{}&#8220;][\/et_pb_image][\/et_pb_column][et_pb_column type=&#8220;2_3&#8243; _builder_version=&#8220;4.16&#8243; global_colors_info=&#8220;{}&#8220;][et_pb_text _builder_version=&#8220;4.20.4&#8243; header_font=&#8220;|800||on|||||&#8220; width=&#8220;114.7%&#8220; width_tablet=&#8220;&#8220; width_phone=&#8220;&#8220; width_last_edited=&#8220;on|phone&#8220; custom_margin=&#8220;|||-3vw|false|false&#8220; custom_margin_tablet=&#8220;|||0vw|false|false&#8220; custom_margin_phone=&#8220;|||0vw|false|false&#8220; custom_margin_last_edited=&#8220;on|tablet&#8220; custom_padding=&#8220;|10px|17px||false|false&#8220; hover_enabled=&#8220;0&#8243; global_colors_info=&#8220;{}&#8220; sticky_enabled=&#8220;0&#8243;]<\/p>\n<h1>Ab 18. Juni im Kino<\/h1>\n<p>[\/et_pb_text][et_pb_text _builder_version=&#8220;4.20.4&#8243; width=&#8220;114.7%&#8220; width_tablet=&#8220;&#8220; width_phone=&#8220;&#8220; width_last_edited=&#8220;on|phone&#8220; custom_margin=&#8220;-49px|0px|-61px|-3vw|false|false&#8220; custom_margin_tablet=&#8220;|||0vw|false|false&#8220; custom_margin_phone=&#8220;|||0vw|false|false&#8220; custom_margin_last_edited=&#8220;on|tablet&#8220; custom_padding=&#8220;9px|0px|0px||false|false&#8220; global_colors_info=&#8220;{}&#8220;]<\/p>\n<p style=\"text-align: justify;\">2025<br \/>\nSchweiz<br \/>\n86 Minuten<br \/>\nOV Schweizerdeutsch<\/p>\n<p>&nbsp;<\/p>\n<section class=\"intro\">\n<div class=\"container-outer\">\n<div class=\"container-fluid\">\n<div class=\"row\">\n<div class=\" col-xl-5\">\n<div class=\"col-sm-8 col-md-7 col-lg-6 col-lg-offset-1\">\n<div class=\"film-content\">\n<div id=\"tab-fr\" class=\"tab-content current\">\n<section class=\"intro\">\n<div class=\"container-outer\">\n<div class=\"container-fluid\">\n<div class=\"row\">\n<div class=\" col-xl-5\">\n<div>\n<p>Voller Z\u00e4rtlichkeit und Liebe freuen sich Selma (Carla Juri) und Nori (Dashmir Ristemi) auf ihr erstes gemeinsames Kind und eine Zukunft als Familie. Doch eines Morgens findet Nori sich verwirrt und verletzt im Park wieder, ohne Erinnerung an die letzten Stunden. Die geheimnisvollen Umst\u00e4nde seiner Amnesie und eine Fehlgeburt stellen ihre Beziehung auf eine harte Probe. Die Schwierigkeit zu kommunizieren verst\u00e4rkt sich, mit allem was in Bruchst\u00fccken ans Licht kommt. Schweigen und ein Gef\u00fchl von Fremdheit nagen an ihrem Fundament und treibt sie auseinander. Wieviel h\u00e4lt ihre Liebe aus?<\/p>\n<\/div>\n<div><\/div>\n<\/div>\n<\/div>\n<\/div>\n<\/div>\n<\/section>\n<\/div>\n<\/div>\n<\/div>\n<\/div>\n<\/div>\n<\/div>\n<\/div>\n<\/section>\n<section>\n<div class=\"container-outer\">\n<div class=\"container-fluid\">\n<div class=\"row\">\n<div class=\"col-xl-5 offset-xl-5\"><\/div>\n<\/div>\n<\/div>\n<\/div>\n<\/section>\n<p>[\/et_pb_text][\/et_pb_column][\/et_pb_row][\/et_pb_section][et_pb_section fb_built=&#8220;1&#8243; module_class=&#8220;FILMS_AV_LAYOUT2&#8243; _builder_version=&#8220;4.16&#8243; background_color=&#8220;rgba(90,182,221,0.28)&#8220; min_height=&#8220;226.8px&#8220; custom_margin=&#8220;50px||||false|false&#8220; custom_padding=&#8220;0px|||||&#8220; global_colors_info=&#8220;{}&#8220;][et_pb_row column_structure=&#8220;1_2,1_2&#8243; _builder_version=&#8220;4.17.6&#8243; min_height=&#8220;159px&#8220; custom_margin=&#8220;|auto|-6px|auto||&#8220; custom_padding=&#8220;||2px|||&#8220; animation_style=&#8220;fade&#8220; global_colors_info=&#8220;{}&#8220;][et_pb_column type=&#8220;1_2&#8243; _builder_version=&#8220;4.16&#8243; global_colors_info=&#8220;{}&#8220;][et_pb_text disabled_on=&#8220;off|off|off&#8220; _builder_version=&#8220;4.20.4&#8243; header_font=&#8220;|800||on|||||&#8220; header_2_font=&#8220;|800||on|||||&#8220; header_3_font_size=&#8220;23px&#8220; custom_margin=&#8220;||21px|||&#8220; custom_padding=&#8220;1px|||||&#8220; hover_enabled=&#8220;0&#8243; global_colors_info=&#8220;{}&#8220; sticky_enabled=&#8220;0&#8243;]<\/p>\n<h1 class=\"p1\">VORPREMIEREN<\/h1>\n<ul>\n<li>Aarau, FFA, Di, 16.6. &#8211; 20:00 Uhr<\/li>\n<li>Z\u00fcrich, Riffraff Mi 17.6. &#8211; 21:00 Uhr<\/li>\n<li>Bern, Kino Rex Do 18.6. &#8211; 20:00 Uhr<\/li>\n<\/ul>\n<p>[\/et_pb_text][\/et_pb_column][et_pb_column type=&#8220;1_2&#8243; _builder_version=&#8220;4.16&#8243; global_colors_info=&#8220;{}&#8220;][et_pb_text disabled_on=&#8220;on|on|on&#8220; _builder_version=&#8220;4.20.4&#8243; header_font=&#8220;|800||on|||||&#8220; header_2_font=&#8220;|800||on|||||&#8220; header_3_font_size=&#8220;23px&#8220; custom_margin=&#8220;||21px|||&#8220; custom_padding=&#8220;1px|||||&#8220; disabled=&#8220;on&#8220; global_colors_info=&#8220;{}&#8220;]<\/p>\n<h1 class=\"p1\">Preise &amp; Festivals<\/h1>\n<ul>\n<li>Festival International du Film d\u2019Animation d\u2019Annecy \u2013 Winner Prix Fondation Gan \u00e0 la Diffusion 2025<\/li>\n<li>European Film Awards 2026 \u2013 Nomination<\/li>\n<li>Los Goya de Cinema 2026 \u2013 Bester Animationsfilm \u2013 Nomination<\/li>\n<\/ul>\n<p>[\/et_pb_text][\/et_pb_column][\/et_pb_row][\/et_pb_section][et_pb_section fb_built=&#8220;1&#8243; module_class=&#8220;FILMS_AV_LAYOUT3&#8243; _builder_version=&#8220;4.16&#8243; custom_margin=&#8220;-17px|||||&#8220; global_colors_info=&#8220;{}&#8220;][et_pb_row column_structure=&#8220;1_2,1_2&#8243; _builder_version=&#8220;4.16&#8243; min_height=&#8220;734.9px&#8220; global_colors_info=&#8220;{}&#8220;][et_pb_column type=&#8220;1_2&#8243; _builder_version=&#8220;4.16&#8243; global_colors_info=&#8220;{}&#8220;][et_pb_image src=&#8220;https:\/\/www.outside-thebox.ch\/v2\/wp-content\/uploads\/2026\/04\/VONDEMWASBLEIBT_Still_3.jpg&#8220; title_text=&#8220;VONDEMWASBLEIBT_Still_3&#8243; show_in_lightbox=&#8220;on&#8220; _builder_version=&#8220;4.20.4&#8243; _dynamic_attributes=&#8220;url&#8220; global_colors_info=&#8220;{}&#8220;][\/et_pb_image][\/et_pb_column][et_pb_column type=&#8220;1_2&#8243; _builder_version=&#8220;4.16&#8243; _module_preset=&#8220;default&#8220; global_colors_info=&#8220;{}&#8220;][et_pb_image src=&#8220;https:\/\/www.outside-thebox.ch\/v2\/wp-content\/uploads\/2026\/04\/VONDEMWASBLEIBT_Still_1.jpg&#8220; title_text=&#8220;VONDEMWASBLEIBT_Still_1&#8243; show_in_lightbox=&#8220;on&#8220; _builder_version=&#8220;4.20.4&#8243; _dynamic_attributes=&#8220;url&#8220; global_colors_info=&#8220;{}&#8220;][\/et_pb_image][\/et_pb_column][\/et_pb_row][\/et_pb_section][et_pb_section fb_built=&#8220;1&#8243; module_class=&#8220;FILMS_AV_LAYOUT4&#8243; _builder_version=&#8220;4.16&#8243; custom_padding=&#8220;0px||3px|||&#8220; global_colors_info=&#8220;{}&#8220;][et_pb_row column_structure=&#8220;1_3,1_3,1_3&#8243; _builder_version=&#8220;4.16&#8243; custom_padding=&#8220;7px|||||&#8220; global_colors_info=&#8220;{}&#8220;][et_pb_column type=&#8220;1_3&#8243; _builder_version=&#8220;4.16&#8243; global_colors_info=&#8220;{}&#8220;][et_pb_text admin_label=&#8220;Texte&#8220; _builder_version=&#8220;4.20.4&#8243; header_font=&#8220;|800||on|||||&#8220; header_2_font=&#8220;|800||on|||||&#8220; hover_enabled=&#8220;0&#8243; global_colors_info=&#8220;{}&#8220; sticky_enabled=&#8220;0&#8243;]<\/p>\n<h1>CAST &amp; CREW<\/h1>\n<p>[\/et_pb_text][et_pb_text _builder_version=&#8220;4.20.4&#8243; min_height=&#8220;184px&#8220; hover_enabled=&#8220;0&#8243; global_colors_info=&#8220;{}&#8220; sticky_enabled=&#8220;0&#8243;]<\/p>\n<div id=\"postexcerpt\" class=\"postbox first-visible\">\n<div class=\"inside\">\n<div class=\"page\" title=\"Page 18\">\n<div class=\"section\">\n<div class=\"layoutArea\">\n<div class=\"column\">\n<p><strong>Drehbuch<br \/><\/strong>Lisa Blatter<\/p>\n<p><strong>Regie<br \/><\/strong>Lisa Blatter<\/p>\n<p><strong>Kamera<\/strong><\/p>\n<p>Meret Mad\u00f6rin<\/p>\n<p><strong>Musik<br \/><\/strong>Hans-Jakob M\u00fchlethaler<\/p>\n<\/div>\n<\/div>\n<\/div>\n<\/div>\n<\/div>\n<\/div>\n<p>[\/et_pb_text][\/et_pb_column][et_pb_column type=&#8220;1_3&#8243; _builder_version=&#8220;4.16&#8243; _module_preset=&#8220;default&#8220; global_colors_info=&#8220;{}&#8220;][et_pb_text disabled_on=&#8220;off|off|off&#8220; _builder_version=&#8220;4.20.4&#8243; header_font=&#8220;|800||on|||||&#8220; header_2_font=&#8220;|800||on|||||&#8220; custom_padding=&#8220;0px|||||&#8220; global_colors_info=&#8220;{}&#8220;]<\/p>\n<h1><span style=\"color: #ffffff;\">CasT &amp; CREW<\/span><\/h1>\n<p>[\/et_pb_text][et_pb_text _builder_version=&#8220;4.20.4&#8243; min_height=&#8220;307.8px&#8220; global_colors_info=&#8220;{}&#8220;]<\/p>\n<div id=\"postexcerpt\" class=\"postbox first-visible\">\n<div class=\"inside\">\n<div class=\"page\" title=\"Page 18\">\n<div class=\"section\">\n<div class=\"layoutArea\">\n<div class=\"column\">\n<div class=\"column\">\n<p><strong>Produziert von<br \/><\/strong>Lomotion AG<\/p>\n<p><strong>Schweizer Verleih<br \/><\/strong>Outside the Box<\/p>\n<\/div>\n<\/div>\n<\/div>\n<\/div>\n<\/div>\n<\/div>\n<\/div>\n<p>[\/et_pb_text][\/et_pb_column][et_pb_column type=&#8220;1_3&#8243; _builder_version=&#8220;4.16&#8243; global_colors_info=&#8220;{}&#8220;][et_pb_text disabled_on=&#8220;off|off|off&#8220; _builder_version=&#8220;4.20.4&#8243; header_font=&#8220;|800||on|||||&#8220; header_2_font=&#8220;|800||on|||||&#8220; global_colors_info=&#8220;{}&#8220;]<\/p>\n<h1>DOWNLOADS<\/h1>\n<p>[\/et_pb_text][et_pb_text disabled_on=&#8220;off|off|off&#8220; _builder_version=&#8220;4.20.4&#8243; text_text_color=&#8220;#000000&#8243; link_text_color=&#8220;#000000&#8243; hover_enabled=&#8220;0&#8243; global_colors_info=&#8220;{}&#8220; sticky_enabled=&#8220;0&#8243;]<\/p>\n<p><b>Laden Sie hier das Filmmaterial herunter:<\/b><\/p>\n<p>Trailer (demn\u00e4chst verf\u00fcgbar)<br \/><span style=\"text-decoration: underline;\">Trailer DCP<\/span> (demn\u00e4chst verf\u00fcgbar<span style=\"text-decoration: underline;\">)<\/span><br \/><span style=\"text-decoration: underline;\">Plakat<\/span> (demn\u00e4chst verf\u00fcgbar)<br \/>Flyer (demn\u00e4chst verf\u00fcgbar)<br \/><span style=\"text-decoration: underline;\">Stills jpeg<\/span><br \/>Stills tiff\u00a0<br \/>Pressedossier (demn\u00e4chst verf\u00fcgbar)<br \/>Social Media (demn\u00e4chst verf\u00fcgbar)<\/p>\n<p>[\/et_pb_text][\/et_pb_column][\/et_pb_row][\/et_pb_section][et_pb_section fb_built=&#8220;1&#8243; _builder_version=&#8220;4.20.4&#8243; _module_preset=&#8220;default&#8220; global_colors_info=&#8220;{}&#8220;][et_pb_row _builder_version=&#8220;4.20.4&#8243; _module_preset=&#8220;default&#8220; global_colors_info=&#8220;{}&#8220;][et_pb_column type=&#8220;4_4&#8243; _builder_version=&#8220;4.20.4&#8243; _module_preset=&#8220;default&#8220; global_colors_info=&#8220;{}&#8220;][\/et_pb_column][\/et_pb_row][\/et_pb_section][et_pb_section fb_built=&#8220;1&#8243; _builder_version=&#8220;4.20.4&#8243; _module_preset=&#8220;default&#8220; global_colors_info=&#8220;{}&#8220;][\/et_pb_section]<\/p>\n","protected":false},"excerpt":{"rendered":"<p>Ab 28. MAI IM KINO<br \/>\nMit zw\u00f6lf Jahren wird Olivias Alltag von einem Tag auf den anderen auf den Kopf gestellt. Sie muss sich an ein neues, bescheideneres Leben gew\u00f6hnen und sich ganz allein um ihren kleinen Bruder Tim k\u00fcmmern. Doch gl\u00fccklicherweise verwandelt die Begegnung mit ihren herzlichen und schillernden Nachbarn ihre Welt in ein echtes Abenteuer! Gemeinsam machen sie jede Herausforderung zu einem Spiel und jeden Tag zu einem unvergesslichen Erlebnis.<\/p>\n","protected":false},"author":8,"featured_media":30995,"comment_status":"open","ping_status":"open","sticky":false,"template":"","format":"standard","meta":{"_et_pb_use_builder":"on","_et_pb_old_content":"","_et_gb_content_width":"","_jetpack_memberships_contains_paid_content":false,"footnotes":""},"categories":[19],"tags":[],"yoast_head":"<!-- This site is optimized with the Yoast SEO plugin v22.9 - https:\/\/yoast.com\/wordpress\/plugins\/seo\/ -->\n<title>Von dem, was bleibt - Outside the Box<\/title>\n<meta name=\"description\" content=\"Mit zw\u00f6lf Jahren wird Olivias Alltag von einem Tag auf den anderen auf den Kopf gestellt. Sie muss sich an ein neues, bescheideneres Leben gew\u00f6hnen und sich ganz allein um ihren kleinen Bruder Tim k\u00fcmmern. Doch gl\u00fccklicherweise verwandelt die Begegnung mit ihren herzlichen und schillernden Nachbarn ihre Welt in ein echtes Abenteuer! Gemeinsam machen sie jede Herausforderung zu einem Spiel und jeden Tag zu einem unvergesslichen Erlebnis.\" \/>\n<meta name=\"robots\" content=\"index, follow, max-snippet:-1, max-image-preview:large, max-video-preview:-1\" \/>\n<link rel=\"canonical\" href=\"https:\/\/www.outside-thebox.ch\/de\/vondemwasbleibt\/\" \/>\n<meta property=\"og:locale\" content=\"de_DE\" \/>\n<meta property=\"og:type\" content=\"article\" \/>\n<meta property=\"og:title\" content=\"Von dem, was bleibt - Outside the Box\" \/>\n<meta property=\"og:description\" content=\"Mit zw\u00f6lf Jahren wird Olivias Alltag von einem Tag auf den anderen auf den Kopf gestellt. Sie muss sich an ein neues, bescheideneres Leben gew\u00f6hnen und sich ganz allein um ihren kleinen Bruder Tim k\u00fcmmern. Doch gl\u00fccklicherweise verwandelt die Begegnung mit ihren herzlichen und schillernden Nachbarn ihre Welt in ein echtes Abenteuer! Gemeinsam machen sie jede Herausforderung zu einem Spiel und jeden Tag zu einem unvergesslichen Erlebnis.\" \/>\n<meta property=\"og:url\" content=\"https:\/\/www.outside-thebox.ch\/de\/vondemwasbleibt\/\" \/>\n<meta property=\"og:site_name\" content=\"Outside the Box\" \/>\n<meta property=\"article:published_time\" content=\"2026-04-23T11:54:16+00:00\" \/>\n<meta property=\"article:modified_time\" content=\"2026-04-30T08:59:57+00:00\" \/>\n<meta property=\"og:image\" content=\"https:\/\/www.outside-thebox.ch\/v2\/wp-content\/uploads\/2026\/04\/LB-TOWR-Poster-205-web-scaled.jpg\" \/>\n\t<meta property=\"og:image:width\" content=\"1792\" \/>\n\t<meta property=\"og:image:height\" content=\"2560\" \/>\n\t<meta property=\"og:image:type\" content=\"image\/jpeg\" \/>\n<meta name=\"author\" content=\"Editeur OTB\" \/>\n<meta name=\"twitter:card\" content=\"summary_large_image\" \/>\n<meta name=\"twitter:label1\" content=\"Verfasst von\" \/>\n\t<meta name=\"twitter:data1\" content=\"Editeur OTB\" \/>\n\t<meta name=\"twitter:label2\" content=\"Gesch\u00e4tzte Lesezeit\" \/>\n\t<meta name=\"twitter:data2\" content=\"2\u00a0Minuten\" \/>\n<script type=\"application\/ld+json\" class=\"yoast-schema-graph\">{\"@context\":\"https:\/\/schema.org\",\"@graph\":[{\"@type\":\"WebPage\",\"@id\":\"https:\/\/www.outside-thebox.ch\/de\/vondemwasbleibt\/\",\"url\":\"https:\/\/www.outside-thebox.ch\/de\/vondemwasbleibt\/\",\"name\":\"Von dem, was bleibt - Outside the Box\",\"isPartOf\":{\"@id\":\"https:\/\/www.outside-thebox.ch\/de\/#website\"},\"primaryImageOfPage\":{\"@id\":\"https:\/\/www.outside-thebox.ch\/de\/vondemwasbleibt\/#primaryimage\"},\"image\":{\"@id\":\"https:\/\/www.outside-thebox.ch\/de\/vondemwasbleibt\/#primaryimage\"},\"thumbnailUrl\":\"https:\/\/www.outside-thebox.ch\/v2\/wp-content\/uploads\/2026\/04\/LB-TOWR-Poster-205-web-scaled.jpg\",\"datePublished\":\"2026-04-23T11:54:16+00:00\",\"dateModified\":\"2026-04-30T08:59:57+00:00\",\"author\":{\"@id\":\"https:\/\/www.outside-thebox.ch\/de\/#\/schema\/person\/a3c080f4f5369deffc380dfbe91da6dc\"},\"description\":\"Mit zw\u00f6lf Jahren wird Olivias Alltag von einem Tag auf den anderen auf den Kopf gestellt. Sie muss sich an ein neues, bescheideneres Leben gew\u00f6hnen und sich ganz allein um ihren kleinen Bruder Tim k\u00fcmmern. Doch gl\u00fccklicherweise verwandelt die Begegnung mit ihren herzlichen und schillernden Nachbarn ihre Welt in ein echtes Abenteuer! Gemeinsam machen sie jede Herausforderung zu einem Spiel und jeden Tag zu einem unvergesslichen Erlebnis.\",\"breadcrumb\":{\"@id\":\"https:\/\/www.outside-thebox.ch\/de\/vondemwasbleibt\/#breadcrumb\"},\"inLanguage\":\"de\",\"potentialAction\":[{\"@type\":\"ReadAction\",\"target\":[\"https:\/\/www.outside-thebox.ch\/de\/vondemwasbleibt\/\"]}]},{\"@type\":\"ImageObject\",\"inLanguage\":\"de\",\"@id\":\"https:\/\/www.outside-thebox.ch\/de\/vondemwasbleibt\/#primaryimage\",\"url\":\"https:\/\/www.outside-thebox.ch\/v2\/wp-content\/uploads\/2026\/04\/LB-TOWR-Poster-205-web-scaled.jpg\",\"contentUrl\":\"https:\/\/www.outside-thebox.ch\/v2\/wp-content\/uploads\/2026\/04\/LB-TOWR-Poster-205-web-scaled.jpg\",\"width\":1792,\"height\":2560},{\"@type\":\"BreadcrumbList\",\"@id\":\"https:\/\/www.outside-thebox.ch\/de\/vondemwasbleibt\/#breadcrumb\",\"itemListElement\":[{\"@type\":\"ListItem\",\"position\":1,\"name\":\"Accueil\",\"item\":\"https:\/\/www.outside-thebox.ch\/de\/\"},{\"@type\":\"ListItem\",\"position\":2,\"name\":\"Von dem, was bleibt\"}]},{\"@type\":\"WebSite\",\"@id\":\"https:\/\/www.outside-thebox.ch\/de\/#website\",\"url\":\"https:\/\/www.outside-thebox.ch\/de\/\",\"name\":\"Outside the Box\",\"description\":\"Maison de distribution de films\",\"potentialAction\":[{\"@type\":\"SearchAction\",\"target\":{\"@type\":\"EntryPoint\",\"urlTemplate\":\"https:\/\/www.outside-thebox.ch\/de\/?s={search_term_string}\"},\"query-input\":\"required name=search_term_string\"}],\"inLanguage\":\"de\"},{\"@type\":\"Person\",\"@id\":\"https:\/\/www.outside-thebox.ch\/de\/#\/schema\/person\/a3c080f4f5369deffc380dfbe91da6dc\",\"name\":\"Editeur OTB\",\"image\":{\"@type\":\"ImageObject\",\"inLanguage\":\"de\",\"@id\":\"https:\/\/www.outside-thebox.ch\/de\/#\/schema\/person\/image\/\",\"url\":\"https:\/\/secure.gravatar.com\/avatar\/fc0a06eff27688a179f5a8f7fe740ed9?s=96&d=mm&r=g\",\"contentUrl\":\"https:\/\/secure.gravatar.com\/avatar\/fc0a06eff27688a179f5a8f7fe740ed9?s=96&d=mm&r=g\",\"caption\":\"Editeur OTB\"},\"url\":\"https:\/\/www.outside-thebox.ch\/de\/author\/edit_otb\/\"}]}<\/script>\n<!-- \/ Yoast SEO plugin. -->","yoast_head_json":{"title":"Von dem, was bleibt - Outside the Box","description":"Mit zw\u00f6lf Jahren wird Olivias Alltag von einem Tag auf den anderen auf den Kopf gestellt. Sie muss sich an ein neues, bescheideneres Leben gew\u00f6hnen und sich ganz allein um ihren kleinen Bruder Tim k\u00fcmmern. Doch gl\u00fccklicherweise verwandelt die Begegnung mit ihren herzlichen und schillernden Nachbarn ihre Welt in ein echtes Abenteuer! Gemeinsam machen sie jede Herausforderung zu einem Spiel und jeden Tag zu einem unvergesslichen Erlebnis.","robots":{"index":"index","follow":"follow","max-snippet":"max-snippet:-1","max-image-preview":"max-image-preview:large","max-video-preview":"max-video-preview:-1"},"canonical":"https:\/\/www.outside-thebox.ch\/de\/vondemwasbleibt\/","og_locale":"de_DE","og_type":"article","og_title":"Von dem, was bleibt - Outside the Box","og_description":"Mit zw\u00f6lf Jahren wird Olivias Alltag von einem Tag auf den anderen auf den Kopf gestellt. Sie muss sich an ein neues, bescheideneres Leben gew\u00f6hnen und sich ganz allein um ihren kleinen Bruder Tim k\u00fcmmern. Doch gl\u00fccklicherweise verwandelt die Begegnung mit ihren herzlichen und schillernden Nachbarn ihre Welt in ein echtes Abenteuer! Gemeinsam machen sie jede Herausforderung zu einem Spiel und jeden Tag zu einem unvergesslichen Erlebnis.","og_url":"https:\/\/www.outside-thebox.ch\/de\/vondemwasbleibt\/","og_site_name":"Outside the Box","article_published_time":"2026-04-23T11:54:16+00:00","article_modified_time":"2026-04-30T08:59:57+00:00","og_image":[{"width":1792,"height":2560,"url":"https:\/\/www.outside-thebox.ch\/v2\/wp-content\/uploads\/2026\/04\/LB-TOWR-Poster-205-web-scaled.jpg","type":"image\/jpeg"}],"author":"Editeur OTB","twitter_card":"summary_large_image","twitter_misc":{"Verfasst von":"Editeur OTB","Gesch\u00e4tzte Lesezeit":"2\u00a0Minuten"},"schema":{"@context":"https:\/\/schema.org","@graph":[{"@type":"WebPage","@id":"https:\/\/www.outside-thebox.ch\/de\/vondemwasbleibt\/","url":"https:\/\/www.outside-thebox.ch\/de\/vondemwasbleibt\/","name":"Von dem, was bleibt - Outside the Box","isPartOf":{"@id":"https:\/\/www.outside-thebox.ch\/de\/#website"},"primaryImageOfPage":{"@id":"https:\/\/www.outside-thebox.ch\/de\/vondemwasbleibt\/#primaryimage"},"image":{"@id":"https:\/\/www.outside-thebox.ch\/de\/vondemwasbleibt\/#primaryimage"},"thumbnailUrl":"https:\/\/www.outside-thebox.ch\/v2\/wp-content\/uploads\/2026\/04\/LB-TOWR-Poster-205-web-scaled.jpg","datePublished":"2026-04-23T11:54:16+00:00","dateModified":"2026-04-30T08:59:57+00:00","author":{"@id":"https:\/\/www.outside-thebox.ch\/de\/#\/schema\/person\/a3c080f4f5369deffc380dfbe91da6dc"},"description":"Mit zw\u00f6lf Jahren wird Olivias Alltag von einem Tag auf den anderen auf den Kopf gestellt. Sie muss sich an ein neues, bescheideneres Leben gew\u00f6hnen und sich ganz allein um ihren kleinen Bruder Tim k\u00fcmmern. Doch gl\u00fccklicherweise verwandelt die Begegnung mit ihren herzlichen und schillernden Nachbarn ihre Welt in ein echtes Abenteuer! Gemeinsam machen sie jede Herausforderung zu einem Spiel und jeden Tag zu einem unvergesslichen Erlebnis.","breadcrumb":{"@id":"https:\/\/www.outside-thebox.ch\/de\/vondemwasbleibt\/#breadcrumb"},"inLanguage":"de","potentialAction":[{"@type":"ReadAction","target":["https:\/\/www.outside-thebox.ch\/de\/vondemwasbleibt\/"]}]},{"@type":"ImageObject","inLanguage":"de","@id":"https:\/\/www.outside-thebox.ch\/de\/vondemwasbleibt\/#primaryimage","url":"https:\/\/www.outside-thebox.ch\/v2\/wp-content\/uploads\/2026\/04\/LB-TOWR-Poster-205-web-scaled.jpg","contentUrl":"https:\/\/www.outside-thebox.ch\/v2\/wp-content\/uploads\/2026\/04\/LB-TOWR-Poster-205-web-scaled.jpg","width":1792,"height":2560},{"@type":"BreadcrumbList","@id":"https:\/\/www.outside-thebox.ch\/de\/vondemwasbleibt\/#breadcrumb","itemListElement":[{"@type":"ListItem","position":1,"name":"Accueil","item":"https:\/\/www.outside-thebox.ch\/de\/"},{"@type":"ListItem","position":2,"name":"Von dem, was bleibt"}]},{"@type":"WebSite","@id":"https:\/\/www.outside-thebox.ch\/de\/#website","url":"https:\/\/www.outside-thebox.ch\/de\/","name":"Outside the Box","description":"Maison de distribution de films","potentialAction":[{"@type":"SearchAction","target":{"@type":"EntryPoint","urlTemplate":"https:\/\/www.outside-thebox.ch\/de\/?s={search_term_string}"},"query-input":"required name=search_term_string"}],"inLanguage":"de"},{"@type":"Person","@id":"https:\/\/www.outside-thebox.ch\/de\/#\/schema\/person\/a3c080f4f5369deffc380dfbe91da6dc","name":"Editeur OTB","image":{"@type":"ImageObject","inLanguage":"de","@id":"https:\/\/www.outside-thebox.ch\/de\/#\/schema\/person\/image\/","url":"https:\/\/secure.gravatar.com\/avatar\/fc0a06eff27688a179f5a8f7fe740ed9?s=96&d=mm&r=g","contentUrl":"https:\/\/secure.gravatar.com\/avatar\/fc0a06eff27688a179f5a8f7fe740ed9?s=96&d=mm&r=g","caption":"Editeur OTB"},"url":"https:\/\/www.outside-thebox.ch\/de\/author\/edit_otb\/"}]}},"jetpack_sharing_enabled":true,"jetpack_featured_media_url":"https:\/\/www.outside-thebox.ch\/v2\/wp-content\/uploads\/2026\/04\/LB-TOWR-Poster-205-web-scaled.jpg","_links":{"self":[{"href":"https:\/\/www.outside-thebox.ch\/de\/wp-json\/wp\/v2\/posts\/30985"}],"collection":[{"href":"https:\/\/www.outside-thebox.ch\/de\/wp-json\/wp\/v2\/posts"}],"about":[{"href":"https:\/\/www.outside-thebox.ch\/de\/wp-json\/wp\/v2\/types\/post"}],"author":[{"embeddable":true,"href":"https:\/\/www.outside-thebox.ch\/de\/wp-json\/wp\/v2\/users\/8"}],"replies":[{"embeddable":true,"href":"https:\/\/www.outside-thebox.ch\/de\/wp-json\/wp\/v2\/comments?post=30985"}],"version-history":[{"count":9,"href":"https:\/\/www.outside-thebox.ch\/de\/wp-json\/wp\/v2\/posts\/30985\/revisions"}],"predecessor-version":[{"id":31016,"href":"https:\/\/www.outside-thebox.ch\/de\/wp-json\/wp\/v2\/posts\/30985\/revisions\/31016"}],"wp:featuredmedia":[{"embeddable":true,"href":"https:\/\/www.outside-thebox.ch\/de\/wp-json\/wp\/v2\/media\/30995"}],"wp:attachment":[{"href":"https:\/\/www.outside-thebox.ch\/de\/wp-json\/wp\/v2\/media?parent=30985"}],"wp:term":[{"taxonomy":"category","embeddable":true,"href":"https:\/\/www.outside-thebox.ch\/de\/wp-json\/wp\/v2\/categories?post=30985"},{"taxonomy":"post_tag","embeddable":true,"href":"https:\/\/www.outside-thebox.ch\/de\/wp-json\/wp\/v2\/tags?post=30985"}],"curies":[{"name":"wp","href":"https:\/\/api.w.org\/{rel}","templated":true}]}}